{"id":17233862,"date":"2026-04-30T09:21:59","date_gmt":"2026-04-30T09:21:59","guid":{"rendered":"https:\/\/ambrelia.com\/?p=17233862"},"modified":"2026-04-02T09:35:06","modified_gmt":"2026-04-02T09:35:06","slug":"assurance-sante-internationale-un-pilier-strategique-pour-les-organisations-a-linternational","status":"publish","type":"post","link":"https:\/\/ambrelia.com\/fr\/2026\/04\/assurance-sante-internationale-un-pilier-strategique-pour-les-organisations-a-linternational\/","title":{"rendered":"Assurance sant\u00e9 internationale : un pilier strat\u00e9gique pour les organisations \u00e0 l\u2019international"},"content":{"rendered":"\n<p><\/p>\n\n\n\n<p class=\"has-medium-font-size\">Dans un contexte de <a href=\"https:\/\/ambrelia.com\/fr\/2024\/06\/assurance-mobilite-internationale-les-avantages\/\">mobilit\u00e9 internationale <\/a>croissante, les organisations sont de plus en plus amen\u00e9es \u00e0 envoyer des collaborateurs \u00e0 l\u2019\u00e9tranger. Qu\u2019il s\u2019agisse de missions ponctuelles, d\u2019<a href=\"https:\/\/ambrelia.com\/fr\/2019\/04\/mobilite-internationale-des-salaries-expatriation-ou-detachement\/\">expatriation <\/a>ou de d\u00e9veloppement d\u2019activit\u00e9s \u00e0 l\u2019international, ces d\u00e9placements impliquent des responsabilit\u00e9s importantes, notamment en mati\u00e8re de protection des \u00e9quipes.<\/p>\n\n\n\n<p class=\"has-medium-font-size\">Parmi les dispositifs \u00e0 mettre en place, l\u2019assurance sant\u00e9 internationale occupe une place centrale. Pourtant, elle reste encore trop souvent per\u00e7ue comme une formalit\u00e9 ou un simple compl\u00e9ment. En r\u00e9alit\u00e9, elle constitue un levier strat\u00e9gique \u00e0 la fois op\u00e9rationnel, humain et organisationnel.<\/p>\n\n\n\n<p><\/p>\n\n\n\n<div class=\"wp-block-buttons is-content-justification-center is-layout-flex wp-container-core-buttons-is-layout-16018d1d wp-block-buttons-is-layout-flex\">\n<div class=\"wp-block-button\"><a class=\"wp-block-button__link has-vivid-cyan-blue-background-color has-background has-medium-font-size has-custom-font-size wp-element-button\" href=\"https:\/\/ambrelia.neocamino.fr\/12716-offrez-la-meilleure-assurance-a-tous-vos-collaborateurs?neo_campaign=diagnostic-gratuit-fr&amp;neo_medium=click_popup&amp;uuid=9d5b2251-48c4-4989-874f-61b3c9552b33\">Pour plus d&rsquo;informations :<\/a><\/div>\n<\/div>\n\n\n\n<p><\/p>\n\n\n\n<h2 class=\"wp-block-heading\">Une couverture essentielle face \u00e0 la diversit\u00e9 des syst\u00e8mes de sant\u00e9<\/h2>\n\n\n\n<p class=\"has-medium-font-size\">Tous les pays ne disposent pas du m\u00eame niveau d\u2019infrastructure m\u00e9dicale. Dans certaines r\u00e9gions, l\u2019acc\u00e8s aux soins peut \u00eatre limit\u00e9, co\u00fbteux ou in\u00e9gal. M\u00eame dans des zones d\u00e9velopp\u00e9es, les frais de sant\u00e9 peuvent rapidement atteindre des montants tr\u00e8s \u00e9lev\u00e9s, notamment en cas d\u2019hospitalisation (Etats-Unis, Suisse, Hong Kong, Emirats Arabes Unis, \u2026).<\/p>\n\n\n\n<p class=\"has-medium-font-size\"><a href=\"https:\/\/ambrelia.com\/fr\/2024\/04\/assurance-sante-internationale-expatrie-garantie-sante-prevoyance-et-rapatriement\/\">L\u2019assurance sant\u00e9 internationale <\/a>permet de garantir un acc\u00e8s aux soins dans des conditions ma\u00eetris\u00e9es. Elle offre une prise en charge adapt\u00e9e, quel que soit le pays, en \u00e9vitant aux collaborateurs de d\u00e9pendre exclusivement des syst\u00e8mes locaux, souvent complexes \u00e0 appr\u00e9hender.<\/p>\n\n\n\n<p class=\"has-medium-font-size\">Elle permet \u00e9galement de b\u00e9n\u00e9ficier de r\u00e9seaux de soins de qualit\u00e9 et d\u2019une meilleure orientation en cas de besoin. Cette capacit\u00e9 \u00e0 acc\u00e9der rapidement \u00e0 des services m\u00e9dicaux fiables est un \u00e9l\u00e9ment cl\u00e9 pour s\u00e9curiser les d\u00e9placements \u00e0 l\u2019\u00e9tranger.<\/p>\n\n\n\n<h2 class=\"wp-block-heading\">Un enjeu de continuit\u00e9 et de stabilit\u00e9 pour les collaborateurs<\/h2>\n\n\n\n<p>Au-del\u00e0 de l\u2019acc\u00e8s aux soins, l\u2019assurance sant\u00e9 internationale r\u00e9pond \u00e0 un besoin fondamental de continuit\u00e9. Un collaborateur en mobilit\u00e9 doit pouvoir b\u00e9n\u00e9ficier d\u2019un suivi m\u00e9dical coh\u00e9rent, sans rupture li\u00e9e \u00e0 un changement de pays.<\/p>\n\n\n\n<p class=\"has-medium-font-size\">Cette continuit\u00e9 est particuli\u00e8rement importante dans les cas de traitements en cours, de suivi m\u00e9dical r\u00e9gulier ou de situations n\u00e9cessitant une attention particuli\u00e8re. Une couverture inadapt\u00e9e peut entra\u00eener des interruptions de soins ou des complications administratives.<\/p>\n\n\n\n<p class=\"has-medium-font-size\">Proposer une assurance solide permet donc de s\u00e9curiser le parcours des collaborateurs et de limiter les incertitudes li\u00e9es \u00e0 leur environnement m\u00e9dical. Cela contribue directement \u00e0 leur bien-\u00eatre et \u00e0 leur capacit\u00e9 \u00e0 se concentrer sur leurs missions.<\/p>\n\n\n\n<h2 class=\"wp-block-heading\">Un levier de performance et d\u2019attractivit\u00e9 RH<\/h2>\n\n\n\n<p class=\"has-medium-font-size\">La question de la <a href=\"https:\/\/ambrelia.com\/fr\/2024\/09\/protection-des-collaborateurs-locaux\/\">protection des collaborateurs <\/a>ne se limite pas \u00e0 un enjeu op\u00e9rationnel. Elle s\u2019inscrit \u00e9galement dans une logique RH plus large.<\/p>\n\n\n\n<p class=\"has-medium-font-size\">Une organisation qui propose une couverture sant\u00e9 internationale adapt\u00e9e envoie un signal fort. Elle montre qu\u2019elle prend en compte les conditions de travail de ses \u00e9quipes, y compris \u00e0 l\u2019\u00e9tranger. Cela renforce la confiance et favorise l\u2019engagement.<\/p>\n\n\n\n<p class=\"has-medium-font-size\">Dans un contexte o\u00f9 les talents sont de plus en plus attentifs aux conditions de mobilit\u00e9, ce type de dispositif peut faire la diff\u00e9rence. Il devient un \u00e9l\u00e9ment d\u2019attractivit\u00e9, mais aussi un facteur de fid\u00e9lisation.<\/p>\n\n\n\n<p class=\"has-medium-font-size\">Un collaborateur qui se sent prot\u00e9g\u00e9 est plus serein, plus impliqu\u00e9 et plus efficace dans ses missions.<\/p>\n\n\n\n<h2 class=\"wp-block-heading\">une composante d&rsquo;un dispositif global de protection<\/h2>\n\n\n\n<p class=\"has-medium-font-size\">L\u2019assurance sant\u00e9 internationale ne doit pas \u00eatre pens\u00e9e de mani\u00e8re isol\u00e9e. Elle s\u2019int\u00e8gre dans un ensemble plus large incluant l\u2019assistance, le <a href=\"https:\/\/ambrelia.com\/fr\/?p=17233830&amp;preview_id=17233830&amp;preview_nonce=34bfc46c65&amp;preview=true&amp;_thumbnail_id=17233837\">rapatriement <\/a>et la gestion des situations d\u2019urgence.<\/p>\n\n\n\n<p class=\"has-medium-font-size\">Ces diff\u00e9rents \u00e9l\u00e9ments doivent fonctionner ensemble pour garantir une couverture coh\u00e9rente. Une assurance sant\u00e9, aussi compl\u00e8te soit-elle, ne suffit pas si elle n\u2019est pas accompagn\u00e9e d\u2019un dispositif d\u2019assistance capable d\u2019intervenir rapidement en cas de besoin.<\/p>\n\n\n\n<p class=\"has-medium-font-size\">De m\u00eame, la question du rapatriement doit \u00eatre anticip\u00e9e. En cas de situation grave, la capacit\u00e9 \u00e0 organiser un retour dans de bonnes conditions est essentielle. L\u2019articulation entre ces diff\u00e9rentes garanties permet de construire une protection r\u00e9ellement efficace.<\/p>\n\n\n\n<h2 class=\"wp-block-heading\">Les limites des approches standardis\u00e9es<\/h2>\n\n\n\n<p class=\"has-medium-font-size\">De nombreuses organisations s\u2019appuient encore sur des solutions standard, souvent issues de contrats g\u00e9n\u00e9riques ou peu adapt\u00e9s \u00e0 leurs besoins r\u00e9els.<\/p>\n\n\n\n<p class=\"has-medium-font-size\">Ces approches peuvent pr\u00e9senter des limites importantes. Elles ne prennent pas toujours en compte la diversit\u00e9 des profils, la fr\u00e9quence des d\u00e9placements ou les sp\u00e9cificit\u00e9s des zones d\u2019intervention. Cela peut entra\u00eener des lacunes de couverture ou, \u00e0 l\u2019inverse, des garanties inutiles.<\/p>\n\n\n\n<p class=\"has-medium-font-size\">Une analyse pr\u00e9cise des besoins est donc indispensable pour mettre en place une protection r\u00e9ellement efficace.<\/p>\n\n\n\n<h2 class=\"wp-block-heading\">l&rsquo;accompagnement d&rsquo;ambrelia<\/h2>\n\n\n\n<p class=\"has-medium-font-size\">Face \u00e0 ces enjeux, l\u2019accompagnement par un acteur sp\u00e9cialis\u00e9 comme Ambrelia permet de structurer une approche r\u00e9ellement adapt\u00e9e. Plut\u00f4t que de s\u2019appuyer sur des solutions standardis\u00e9es, Ambrelia analyse les besoins sp\u00e9cifiques de chaque organisation, en tenant compte de ses activit\u00e9s, de ses zones d\u2019intervention et du profil de ses collaborateurs.<\/p>\n\n\n\n<p class=\"has-medium-font-size\">Cette approche permet de construire des dispositifs sur mesure, int\u00e9grant assurance sant\u00e9 internationale, assistance et rapatriement de mani\u00e8re coh\u00e9rente. L\u2019objectif est d\u2019apporter une couverture lisible, efficace et align\u00e9e avec les r\u00e9alit\u00e9s du terrain.<\/p>\n\n\n\n<p class=\"has-medium-font-size\">Au-del\u00e0 de la mise en place, Ambrelia accompagne \u00e9galement les organisations dans le suivi et l\u2019\u00e9volution de leurs dispositifs, afin de garantir leur pertinence dans la dur\u00e9e.<\/p>\n\n\n\n<p class=\"has-medium-font-size\">L\u2019assurance sant\u00e9 internationale ne peut plus \u00eatre consid\u00e9r\u00e9e comme un simple compl\u00e9ment. Elle constitue un pilier essentiel de la protection des collaborateurs \u00e0 l\u2019\u00e9tranger et un \u00e9l\u00e9ment strat\u00e9gique pour les organisations.<\/p>\n\n\n\n<p class=\"has-medium-font-size\">En garantissant l\u2019acc\u00e8s aux soins, la continuit\u00e9 du suivi m\u00e9dical et un cadre s\u00e9curis\u00e9, elle contribue \u00e0 la performance globale et \u00e0 la gestion des risques.<\/p>\n\n\n\n<p class=\"has-medium-font-size\">Dans un environnement international de plus en plus exigeant, disposer d\u2019une couverture adapt\u00e9e et bien construite devient une n\u00e9cessit\u00e9.<\/p>\n\n\n\n<p><\/p>\n\n\n\n<div class=\"wp-block-buttons is-content-justification-center is-layout-flex wp-container-core-buttons-is-layout-16018d1d wp-block-buttons-is-layout-flex\">\n<div class=\"wp-block-button\"><a class=\"wp-block-button__link has-vivid-cyan-blue-background-color has-background has-medium-font-size has-custom-font-size wp-element-button\" href=\"https:\/\/ambrelia.neocamino.fr\/12716-offrez-la-meilleure-assurance-a-tous-vos-collaborateurs?neo_campaign=diagnostic-gratuit-fr&amp;neo_medium=click_popup&amp;uuid=9d5b2251-48c4-4989-874f-61b3c9552b33\">Pour plus d&rsquo;informations :<\/a><\/div>\n<\/div>\n\n\n\n<p><\/p>\n\n\n\n<p><\/p>\n\n\n\n<ul class=\"wp-block-social-links is-content-justification-center is-layout-flex wp-container-core-social-links-is-layout-16018d1d wp-block-social-links-is-layout-flex\"><li class=\"wp-social-link wp-social-link-linkedin  wp-block-social-link\"><a href=\"https:\/\/www.linkedin.com\/company\/ambrelia\/posts\/?feedView=all\" class=\"wp-block-social-link-anchor\"><svg width=\"24\" height=\"24\" viewBox=\"0 0 24 24\" version=\"1.1\" xmlns=\"http:\/\/www.w3.org\/2000\/svg\" aria-hidden=\"true\" focusable=\"false\"><path d=\"M19.7,3H4.3C3.582,3,3,3.582,3,4.3v15.4C3,20.418,3.582,21,4.3,21h15.4c0.718,0,1.3-0.582,1.3-1.3V4.3 C21,3.582,20.418,3,19.7,3z M8.339,18.338H5.667v-8.59h2.672V18.338z M7.004,8.574c-0.857,0-1.549-0.694-1.549-1.548 c0-0.855,0.691-1.548,1.549-1.548c0.854,0,1.547,0.694,1.547,1.548C8.551,7.881,7.858,8.574,7.004,8.574z M18.339,18.338h-2.669 v-4.177c0-0.996-0.017-2.278-1.387-2.278c-1.389,0-1.601,1.086-1.601,2.206v4.249h-2.667v-8.59h2.559v1.174h0.037 c0.356-0.675,1.227-1.387,2.526-1.387c2.703,0,3.203,1.779,3.203,4.092V18.338z\"><\/path><\/svg><span class=\"wp-block-social-link-label screen-reader-text\">LinkedIn<\/span><\/a><\/li>\n\n<li class=\"wp-social-link wp-social-link-instagram  wp-block-social-link\"><a href=\"https:\/\/www.instagram.com\/ambrelia_assurance\/?next=%2F\" class=\"wp-block-social-link-anchor\"><svg width=\"24\" height=\"24\" viewBox=\"0 0 24 24\" version=\"1.1\" xmlns=\"http:\/\/www.w3.org\/2000\/svg\" aria-hidden=\"true\" focusable=\"false\"><path d=\"M12,4.622c2.403,0,2.688,0.009,3.637,0.052c0.877,0.04,1.354,0.187,1.671,0.31c0.42,0.163,0.72,0.358,1.035,0.673 c0.315,0.315,0.51,0.615,0.673,1.035c0.123,0.317,0.27,0.794,0.31,1.671c0.043,0.949,0.052,1.234,0.052,3.637 s-0.009,2.688-0.052,3.637c-0.04,0.877-0.187,1.354-0.31,1.671c-0.163,0.42-0.358,0.72-0.673,1.035 c-0.315,0.315-0.615,0.51-1.035,0.673c-0.317,0.123-0.794,0.27-1.671,0.31c-0.949,0.043-1.233,0.052-3.637,0.052 s-2.688-0.009-3.637-0.052c-0.877-0.04-1.354-0.187-1.671-0.31c-0.42-0.163-0.72-0.358-1.035-0.673 c-0.315-0.315-0.51-0.615-0.673-1.035c-0.123-0.317-0.27-0.794-0.31-1.671C4.631,14.688,4.622,14.403,4.622,12 s0.009-2.688,0.052-3.637c0.04-0.877,0.187-1.354,0.31-1.671c0.163-0.42,0.358-0.72,0.673-1.035 c0.315-0.315,0.615-0.51,1.035-0.673c0.317-0.123,0.794-0.27,1.671-0.31C9.312,4.631,9.597,4.622,12,4.622 M12,3 C9.556,3,9.249,3.01,8.289,3.054C7.331,3.098,6.677,3.25,6.105,3.472C5.513,3.702,5.011,4.01,4.511,4.511 c-0.5,0.5-0.808,1.002-1.038,1.594C3.25,6.677,3.098,7.331,3.054,8.289C3.01,9.249,3,9.556,3,12c0,2.444,0.01,2.751,0.054,3.711 c0.044,0.958,0.196,1.612,0.418,2.185c0.23,0.592,0.538,1.094,1.038,1.594c0.5,0.5,1.002,0.808,1.594,1.038 c0.572,0.222,1.227,0.375,2.185,0.418C9.249,20.99,9.556,21,12,21s2.751-0.01,3.711-0.054c0.958-0.044,1.612-0.196,2.185-0.418 c0.592-0.23,1.094-0.538,1.594-1.038c0.5-0.5,0.808-1.002,1.038-1.594c0.222-0.572,0.375-1.227,0.418-2.185 C20.99,14.751,21,14.444,21,12s-0.01-2.751-0.054-3.711c-0.044-0.958-0.196-1.612-0.418-2.185c-0.23-0.592-0.538-1.094-1.038-1.594 c-0.5-0.5-1.002-0.808-1.594-1.038c-0.572-0.222-1.227-0.375-2.185-0.418C14.751,3.01,14.444,3,12,3L12,3z M12,7.378 c-2.552,0-4.622,2.069-4.622,4.622S9.448,16.622,12,16.622s4.622-2.069,4.622-4.622S14.552,7.378,12,7.378z M12,15 c-1.657,0-3-1.343-3-3s1.343-3,3-3s3,1.343,3,3S13.657,15,12,15z M16.804,6.116c-0.596,0-1.08,0.484-1.08,1.08 s0.484,1.08,1.08,1.08c0.596,0,1.08-0.484,1.08-1.08S17.401,6.116,16.804,6.116z\"><\/path><\/svg><span class=\"wp-block-social-link-label screen-reader-text\">Instagram<\/span><\/a><\/li>\n\n<li class=\"wp-social-link wp-social-link-facebook  wp-block-social-link\"><a href=\"https:\/\/www.facebook.com\/AmbreliaExpats\" class=\"wp-block-social-link-anchor\"><svg width=\"24\" height=\"24\" viewBox=\"0 0 24 24\" version=\"1.1\" xmlns=\"http:\/\/www.w3.org\/2000\/svg\" aria-hidden=\"true\" focusable=\"false\"><path d=\"M12 2C6.5 2 2 6.5 2 12c0 5 3.7 9.1 8.4 9.9v-7H7.9V12h2.5V9.8c0-2.5 1.5-3.9 3.8-3.9 1.1 0 2.2.2 2.2.2v2.5h-1.3c-1.2 0-1.6.8-1.6 1.6V12h2.8l-.4 2.9h-2.3v7C18.3 21.1 22 17 22 12c0-5.5-4.5-10-10-10z\"><\/path><\/svg><span class=\"wp-block-social-link-label screen-reader-text\">Facebook<\/span><\/a><\/li><\/ul>\n","protected":false},"excerpt":{"rendered":"<p>Dans un contexte de mobilit\u00e9 internationale croissante, les organisations sont de plus en plus amen\u00e9es \u00e0 envoyer des collaborateurs \u00e0 l\u2019\u00e9tranger. Qu\u2019il s\u2019agisse de missions ponctuelles, d\u2019expatriation ou de d\u00e9veloppement d\u2019activit\u00e9s \u00e0 l\u2019international, ces d\u00e9placements impliquent des responsabilit\u00e9s importantes, notamment en mati\u00e8re de protection des \u00e9quipes. Parmi les dispositifs \u00e0 mettre en place, l\u2019assurance sant\u00e9 [&hellip;]<\/p>\n","protected":false},"author":26,"featured_media":17233863,"comment_status":"closed","ping_status":"closed","sticky":false,"template":"","format":"standard","meta":{"_et_pb_use_builder":"off","_et_pb_old_content":"","_et_gb_content_width":"","footnotes":""},"categories":[9],"tags":[],"dipi_cpt_category":[],"class_list":["post-17233862","post","type-post","status-publish","format-standard","has-post-thumbnail","hentry","category-non-classifiee"],"yoast_head":"<!-- This site is optimized with the Yoast SEO plugin v27.5 - https:\/\/yoast.com\/product\/yoast-seo-wordpress\/ -->\n<title>Assurance sant\u00e9 internationale : un pilier strat\u00e9gique pour les organisations \u00e0 l\u2019international - Ambrelia<\/title>\n<meta name=\"description\" content=\"Pourquoi l\u2019assurance sant\u00e9 internationale est essentielle pour les entreprises ? D\u00e9couvrez comment prot\u00e9ger efficacement vos collaborateurs \u00e0 l\u2019\u00e9tranger avec une solution adapt\u00e9e.\" \/>\n<meta name=\"robots\" content=\"index, follow, max-snippet:-1, max-image-preview:large, max-video-preview:-1\" \/>\n<link rel=\"canonical\" href=\"https:\/\/ambrelia.com\/fr\/2026\/04\/assurance-sante-internationale-un-pilier-strategique-pour-les-organisations-a-linternational\/\" \/>\n<meta property=\"og:locale\" content=\"fr_FR\" \/>\n<meta property=\"og:type\" content=\"article\" \/>\n<meta property=\"og:title\" content=\"Assurance sant\u00e9 internationale : un pilier strat\u00e9gique pour les organisations \u00e0 l\u2019international - Ambrelia\" \/>\n<meta property=\"og:description\" content=\"Pourquoi l\u2019assurance sant\u00e9 internationale est essentielle pour les entreprises ? D\u00e9couvrez comment prot\u00e9ger efficacement vos collaborateurs \u00e0 l\u2019\u00e9tranger avec une solution adapt\u00e9e.\" \/>\n<meta property=\"og:url\" content=\"https:\/\/ambrelia.com\/fr\/2026\/04\/assurance-sante-internationale-un-pilier-strategique-pour-les-organisations-a-linternational\/\" \/>\n<meta property=\"og:site_name\" content=\"Ambrelia\" \/>\n<meta property=\"article:published_time\" content=\"2026-04-30T09:21:59+00:00\" \/>\n<meta property=\"og:image\" content=\"https:\/\/ambrelia.com\/wp-content\/uploads\/2026\/04\/smiley-covid-recovery-center-female-doctor-checking-elder-patient-s-blood-pressure-scaled.webp\" \/>\n\t<meta property=\"og:image:width\" content=\"2000\" \/>\n\t<meta property=\"og:image:height\" content=\"1333\" \/>\n\t<meta property=\"og:image:type\" content=\"image\/webp\" \/>\n<meta name=\"author\" content=\"stephane.lorey@ambrelia.com\" \/>\n<meta name=\"twitter:card\" content=\"summary_large_image\" \/>\n<meta name=\"twitter:label1\" content=\"\u00c9crit par\" \/>\n\t<meta name=\"twitter:data1\" content=\"stephane.lorey@ambrelia.com\" \/>\n\t<meta name=\"twitter:label2\" content=\"Dur\u00e9e de lecture estim\u00e9e\" \/>\n\t<meta name=\"twitter:data2\" content=\"5 minutes\" \/>\n<script type=\"application\/ld+json\" class=\"yoast-schema-graph\">{\"@context\":\"https:\\\/\\\/schema.org\",\"@graph\":[{\"@type\":\"Article\",\"@id\":\"https:\\\/\\\/ambrelia.com\\\/fr\\\/2026\\\/04\\\/assurance-sante-internationale-un-pilier-strategique-pour-les-organisations-a-linternational\\\/#article\",\"isPartOf\":{\"@id\":\"https:\\\/\\\/ambrelia.com\\\/fr\\\/2026\\\/04\\\/assurance-sante-internationale-un-pilier-strategique-pour-les-organisations-a-linternational\\\/\"},\"author\":{\"name\":\"stephane.lorey@ambrelia.com\",\"@id\":\"https:\\\/\\\/ambrelia.com\\\/fr\\\/#\\\/schema\\\/person\\\/3ae5b807a09f259b4263f4b765f2a6b2\"},\"headline\":\"Assurance sant\u00e9 internationale : un pilier strat\u00e9gique pour les organisations \u00e0 l\u2019international\",\"datePublished\":\"2026-04-30T09:21:59+00:00\",\"mainEntityOfPage\":{\"@id\":\"https:\\\/\\\/ambrelia.com\\\/fr\\\/2026\\\/04\\\/assurance-sante-internationale-un-pilier-strategique-pour-les-organisations-a-linternational\\\/\"},\"wordCount\":999,\"image\":{\"@id\":\"https:\\\/\\\/ambrelia.com\\\/fr\\\/2026\\\/04\\\/assurance-sante-internationale-un-pilier-strategique-pour-les-organisations-a-linternational\\\/#primaryimage\"},\"thumbnailUrl\":\"https:\\\/\\\/ambrelia.com\\\/wp-content\\\/uploads\\\/2026\\\/04\\\/smiley-covid-recovery-center-female-doctor-checking-elder-patient-s-blood-pressure-scaled.webp\",\"articleSection\":[\"Non classifi\u00e9(e)\"],\"inLanguage\":\"fr-FR\"},{\"@type\":\"WebPage\",\"@id\":\"https:\\\/\\\/ambrelia.com\\\/fr\\\/2026\\\/04\\\/assurance-sante-internationale-un-pilier-strategique-pour-les-organisations-a-linternational\\\/\",\"url\":\"https:\\\/\\\/ambrelia.com\\\/fr\\\/2026\\\/04\\\/assurance-sante-internationale-un-pilier-strategique-pour-les-organisations-a-linternational\\\/\",\"name\":\"Assurance sant\u00e9 internationale : un pilier strat\u00e9gique pour les organisations \u00e0 l\u2019international - Ambrelia\",\"isPartOf\":{\"@id\":\"https:\\\/\\\/ambrelia.com\\\/fr\\\/#website\"},\"primaryImageOfPage\":{\"@id\":\"https:\\\/\\\/ambrelia.com\\\/fr\\\/2026\\\/04\\\/assurance-sante-internationale-un-pilier-strategique-pour-les-organisations-a-linternational\\\/#primaryimage\"},\"image\":{\"@id\":\"https:\\\/\\\/ambrelia.com\\\/fr\\\/2026\\\/04\\\/assurance-sante-internationale-un-pilier-strategique-pour-les-organisations-a-linternational\\\/#primaryimage\"},\"thumbnailUrl\":\"https:\\\/\\\/ambrelia.com\\\/wp-content\\\/uploads\\\/2026\\\/04\\\/smiley-covid-recovery-center-female-doctor-checking-elder-patient-s-blood-pressure-scaled.webp\",\"datePublished\":\"2026-04-30T09:21:59+00:00\",\"author\":{\"@id\":\"https:\\\/\\\/ambrelia.com\\\/fr\\\/#\\\/schema\\\/person\\\/3ae5b807a09f259b4263f4b765f2a6b2\"},\"description\":\"Pourquoi l\u2019assurance sant\u00e9 internationale est essentielle pour les entreprises ? D\u00e9couvrez comment prot\u00e9ger efficacement vos collaborateurs \u00e0 l\u2019\u00e9tranger avec une solution adapt\u00e9e.\",\"breadcrumb\":{\"@id\":\"https:\\\/\\\/ambrelia.com\\\/fr\\\/2026\\\/04\\\/assurance-sante-internationale-un-pilier-strategique-pour-les-organisations-a-linternational\\\/#breadcrumb\"},\"inLanguage\":\"fr-FR\",\"potentialAction\":[{\"@type\":\"ReadAction\",\"target\":[\"https:\\\/\\\/ambrelia.com\\\/fr\\\/2026\\\/04\\\/assurance-sante-internationale-un-pilier-strategique-pour-les-organisations-a-linternational\\\/\"]}]},{\"@type\":\"ImageObject\",\"inLanguage\":\"fr-FR\",\"@id\":\"https:\\\/\\\/ambrelia.com\\\/fr\\\/2026\\\/04\\\/assurance-sante-internationale-un-pilier-strategique-pour-les-organisations-a-linternational\\\/#primaryimage\",\"url\":\"https:\\\/\\\/ambrelia.com\\\/wp-content\\\/uploads\\\/2026\\\/04\\\/smiley-covid-recovery-center-female-doctor-checking-elder-patient-s-blood-pressure-scaled.webp\",\"contentUrl\":\"https:\\\/\\\/ambrelia.com\\\/wp-content\\\/uploads\\\/2026\\\/04\\\/smiley-covid-recovery-center-female-doctor-checking-elder-patient-s-blood-pressure-scaled.webp\",\"width\":2000,\"height\":1333,\"caption\":\"assurance sant\u00e9 internationale entreprise\"},{\"@type\":\"BreadcrumbList\",\"@id\":\"https:\\\/\\\/ambrelia.com\\\/fr\\\/2026\\\/04\\\/assurance-sante-internationale-un-pilier-strategique-pour-les-organisations-a-linternational\\\/#breadcrumb\",\"itemListElement\":[{\"@type\":\"ListItem\",\"position\":1,\"name\":\"Accueil\",\"item\":\"https:\\\/\\\/ambrelia.com\\\/fr\\\/\"},{\"@type\":\"ListItem\",\"position\":2,\"name\":\"Assurance sant\u00e9 internationale : un pilier strat\u00e9gique pour les organisations \u00e0 l\u2019international\"}]},{\"@type\":\"WebSite\",\"@id\":\"https:\\\/\\\/ambrelia.com\\\/fr\\\/#website\",\"url\":\"https:\\\/\\\/ambrelia.com\\\/fr\\\/\",\"name\":\"Ambrelia\",\"description\":\"\",\"potentialAction\":[{\"@type\":\"SearchAction\",\"target\":{\"@type\":\"EntryPoint\",\"urlTemplate\":\"https:\\\/\\\/ambrelia.com\\\/fr\\\/?s={search_term_string}\"},\"query-input\":{\"@type\":\"PropertyValueSpecification\",\"valueRequired\":true,\"valueName\":\"search_term_string\"}}],\"inLanguage\":\"fr-FR\"},{\"@type\":\"Person\",\"@id\":\"https:\\\/\\\/ambrelia.com\\\/fr\\\/#\\\/schema\\\/person\\\/3ae5b807a09f259b4263f4b765f2a6b2\",\"name\":\"stephane.lorey@ambrelia.com\",\"image\":{\"@type\":\"ImageObject\",\"inLanguage\":\"fr-FR\",\"@id\":\"https:\\\/\\\/secure.gravatar.com\\\/avatar\\\/89a996148b0145fbd63f2ffb408012761b88b3a3513385cfd8cae70f4e32dd91?s=96&d=mm&r=g\",\"url\":\"https:\\\/\\\/secure.gravatar.com\\\/avatar\\\/89a996148b0145fbd63f2ffb408012761b88b3a3513385cfd8cae70f4e32dd91?s=96&d=mm&r=g\",\"contentUrl\":\"https:\\\/\\\/secure.gravatar.com\\\/avatar\\\/89a996148b0145fbd63f2ffb408012761b88b3a3513385cfd8cae70f4e32dd91?s=96&d=mm&r=g\",\"caption\":\"stephane.lorey@ambrelia.com\"}}]}<\/script>\n<!-- \/ Yoast SEO plugin. -->","yoast_head_json":{"title":"Assurance sant\u00e9 internationale : un pilier strat\u00e9gique pour les organisations \u00e0 l\u2019international - Ambrelia","description":"Pourquoi l\u2019assurance sant\u00e9 internationale est essentielle pour les entreprises ? D\u00e9couvrez comment prot\u00e9ger efficacement vos collaborateurs \u00e0 l\u2019\u00e9tranger avec une solution adapt\u00e9e.","robots":{"index":"index","follow":"follow","max-snippet":"max-snippet:-1","max-image-preview":"max-image-preview:large","max-video-preview":"max-video-preview:-1"},"canonical":"https:\/\/ambrelia.com\/fr\/2026\/04\/assurance-sante-internationale-un-pilier-strategique-pour-les-organisations-a-linternational\/","og_locale":"fr_FR","og_type":"article","og_title":"Assurance sant\u00e9 internationale : un pilier strat\u00e9gique pour les organisations \u00e0 l\u2019international - Ambrelia","og_description":"Pourquoi l\u2019assurance sant\u00e9 internationale est essentielle pour les entreprises ? D\u00e9couvrez comment prot\u00e9ger efficacement vos collaborateurs \u00e0 l\u2019\u00e9tranger avec une solution adapt\u00e9e.","og_url":"https:\/\/ambrelia.com\/fr\/2026\/04\/assurance-sante-internationale-un-pilier-strategique-pour-les-organisations-a-linternational\/","og_site_name":"Ambrelia","article_published_time":"2026-04-30T09:21:59+00:00","og_image":[{"width":2000,"height":1333,"url":"https:\/\/ambrelia.com\/wp-content\/uploads\/2026\/04\/smiley-covid-recovery-center-female-doctor-checking-elder-patient-s-blood-pressure-scaled.webp","type":"image\/webp"}],"author":"stephane.lorey@ambrelia.com","twitter_card":"summary_large_image","twitter_misc":{"\u00c9crit par":"stephane.lorey@ambrelia.com","Dur\u00e9e de lecture estim\u00e9e":"5 minutes"},"schema":{"@context":"https:\/\/schema.org","@graph":[{"@type":"Article","@id":"https:\/\/ambrelia.com\/fr\/2026\/04\/assurance-sante-internationale-un-pilier-strategique-pour-les-organisations-a-linternational\/#article","isPartOf":{"@id":"https:\/\/ambrelia.com\/fr\/2026\/04\/assurance-sante-internationale-un-pilier-strategique-pour-les-organisations-a-linternational\/"},"author":{"name":"stephane.lorey@ambrelia.com","@id":"https:\/\/ambrelia.com\/fr\/#\/schema\/person\/3ae5b807a09f259b4263f4b765f2a6b2"},"headline":"Assurance sant\u00e9 internationale : un pilier strat\u00e9gique pour les organisations \u00e0 l\u2019international","datePublished":"2026-04-30T09:21:59+00:00","mainEntityOfPage":{"@id":"https:\/\/ambrelia.com\/fr\/2026\/04\/assurance-sante-internationale-un-pilier-strategique-pour-les-organisations-a-linternational\/"},"wordCount":999,"image":{"@id":"https:\/\/ambrelia.com\/fr\/2026\/04\/assurance-sante-internationale-un-pilier-strategique-pour-les-organisations-a-linternational\/#primaryimage"},"thumbnailUrl":"https:\/\/ambrelia.com\/wp-content\/uploads\/2026\/04\/smiley-covid-recovery-center-female-doctor-checking-elder-patient-s-blood-pressure-scaled.webp","articleSection":["Non classifi\u00e9(e)"],"inLanguage":"fr-FR"},{"@type":"WebPage","@id":"https:\/\/ambrelia.com\/fr\/2026\/04\/assurance-sante-internationale-un-pilier-strategique-pour-les-organisations-a-linternational\/","url":"https:\/\/ambrelia.com\/fr\/2026\/04\/assurance-sante-internationale-un-pilier-strategique-pour-les-organisations-a-linternational\/","name":"Assurance sant\u00e9 internationale : un pilier strat\u00e9gique pour les organisations \u00e0 l\u2019international - Ambrelia","isPartOf":{"@id":"https:\/\/ambrelia.com\/fr\/#website"},"primaryImageOfPage":{"@id":"https:\/\/ambrelia.com\/fr\/2026\/04\/assurance-sante-internationale-un-pilier-strategique-pour-les-organisations-a-linternational\/#primaryimage"},"image":{"@id":"https:\/\/ambrelia.com\/fr\/2026\/04\/assurance-sante-internationale-un-pilier-strategique-pour-les-organisations-a-linternational\/#primaryimage"},"thumbnailUrl":"https:\/\/ambrelia.com\/wp-content\/uploads\/2026\/04\/smiley-covid-recovery-center-female-doctor-checking-elder-patient-s-blood-pressure-scaled.webp","datePublished":"2026-04-30T09:21:59+00:00","author":{"@id":"https:\/\/ambrelia.com\/fr\/#\/schema\/person\/3ae5b807a09f259b4263f4b765f2a6b2"},"description":"Pourquoi l\u2019assurance sant\u00e9 internationale est essentielle pour les entreprises ? D\u00e9couvrez comment prot\u00e9ger efficacement vos collaborateurs \u00e0 l\u2019\u00e9tranger avec une solution adapt\u00e9e.","breadcrumb":{"@id":"https:\/\/ambrelia.com\/fr\/2026\/04\/assurance-sante-internationale-un-pilier-strategique-pour-les-organisations-a-linternational\/#breadcrumb"},"inLanguage":"fr-FR","potentialAction":[{"@type":"ReadAction","target":["https:\/\/ambrelia.com\/fr\/2026\/04\/assurance-sante-internationale-un-pilier-strategique-pour-les-organisations-a-linternational\/"]}]},{"@type":"ImageObject","inLanguage":"fr-FR","@id":"https:\/\/ambrelia.com\/fr\/2026\/04\/assurance-sante-internationale-un-pilier-strategique-pour-les-organisations-a-linternational\/#primaryimage","url":"https:\/\/ambrelia.com\/wp-content\/uploads\/2026\/04\/smiley-covid-recovery-center-female-doctor-checking-elder-patient-s-blood-pressure-scaled.webp","contentUrl":"https:\/\/ambrelia.com\/wp-content\/uploads\/2026\/04\/smiley-covid-recovery-center-female-doctor-checking-elder-patient-s-blood-pressure-scaled.webp","width":2000,"height":1333,"caption":"assurance sant\u00e9 internationale entreprise"},{"@type":"BreadcrumbList","@id":"https:\/\/ambrelia.com\/fr\/2026\/04\/assurance-sante-internationale-un-pilier-strategique-pour-les-organisations-a-linternational\/#breadcrumb","itemListElement":[{"@type":"ListItem","position":1,"name":"Accueil","item":"https:\/\/ambrelia.com\/fr\/"},{"@type":"ListItem","position":2,"name":"Assurance sant\u00e9 internationale : un pilier strat\u00e9gique pour les organisations \u00e0 l\u2019international"}]},{"@type":"WebSite","@id":"https:\/\/ambrelia.com\/fr\/#website","url":"https:\/\/ambrelia.com\/fr\/","name":"Ambrelia","description":"","potentialAction":[{"@type":"SearchAction","target":{"@type":"EntryPoint","urlTemplate":"https:\/\/ambrelia.com\/fr\/?s={search_term_string}"},"query-input":{"@type":"PropertyValueSpecification","valueRequired":true,"valueName":"search_term_string"}}],"inLanguage":"fr-FR"},{"@type":"Person","@id":"https:\/\/ambrelia.com\/fr\/#\/schema\/person\/3ae5b807a09f259b4263f4b765f2a6b2","name":"stephane.lorey@ambrelia.com","image":{"@type":"ImageObject","inLanguage":"fr-FR","@id":"https:\/\/secure.gravatar.com\/avatar\/89a996148b0145fbd63f2ffb408012761b88b3a3513385cfd8cae70f4e32dd91?s=96&d=mm&r=g","url":"https:\/\/secure.gravatar.com\/avatar\/89a996148b0145fbd63f2ffb408012761b88b3a3513385cfd8cae70f4e32dd91?s=96&d=mm&r=g","contentUrl":"https:\/\/secure.gravatar.com\/avatar\/89a996148b0145fbd63f2ffb408012761b88b3a3513385cfd8cae70f4e32dd91?s=96&d=mm&r=g","caption":"stephane.lorey@ambrelia.com"}}]}},"_links":{"self":[{"href":"https:\/\/ambrelia.com\/fr\/wp-json\/wp\/v2\/posts\/17233862","targetHints":{"allow":["GET"]}}],"collection":[{"href":"https:\/\/ambrelia.com\/fr\/wp-json\/wp\/v2\/posts"}],"about":[{"href":"https:\/\/ambrelia.com\/fr\/wp-json\/wp\/v2\/types\/post"}],"author":[{"embeddable":true,"href":"https:\/\/ambrelia.com\/fr\/wp-json\/wp\/v2\/users\/26"}],"replies":[{"embeddable":true,"href":"https:\/\/ambrelia.com\/fr\/wp-json\/wp\/v2\/comments?post=17233862"}],"version-history":[{"count":4,"href":"https:\/\/ambrelia.com\/fr\/wp-json\/wp\/v2\/posts\/17233862\/revisions"}],"predecessor-version":[{"id":17233870,"href":"https:\/\/ambrelia.com\/fr\/wp-json\/wp\/v2\/posts\/17233862\/revisions\/17233870"}],"wp:featuredmedia":[{"embeddable":true,"href":"https:\/\/ambrelia.com\/fr\/wp-json\/wp\/v2\/media\/17233863"}],"wp:attachment":[{"href":"https:\/\/ambrelia.com\/fr\/wp-json\/wp\/v2\/media?parent=17233862"}],"wp:term":[{"taxonomy":"category","embeddable":true,"href":"https:\/\/ambrelia.com\/fr\/wp-json\/wp\/v2\/categories?post=17233862"},{"taxonomy":"post_tag","embeddable":true,"href":"https:\/\/ambrelia.com\/fr\/wp-json\/wp\/v2\/tags?post=17233862"},{"taxonomy":"dipi_cpt_category","embeddable":true,"href":"https:\/\/ambrelia.com\/fr\/wp-json\/wp\/v2\/dipi_cpt_category?post=17233862"}],"curies":[{"name":"wp","href":"https:\/\/api.w.org\/{rel}","templated":true}]}}