{"id":17234440,"date":"2026-09-03T10:00:00","date_gmt":"2026-09-03T10:00:00","guid":{"rendered":"https:\/\/ambrelia.com\/?p=17234440"},"modified":"2026-07-07T14:14:59","modified_gmt":"2026-07-07T14:14:59","slug":"teletravail-international-une-liberte-qui-exige-de-nouvelles-regles","status":"publish","type":"post","link":"https:\/\/ambrelia.com\/fr\/2026\/09\/teletravail-international-une-liberte-qui-exige-de-nouvelles-regles\/","title":{"rendered":"T\u00e9l\u00e9travail international : une libert\u00e9 qui exige de nouvelles r\u00e8gles"},"content":{"rendered":"<p>[et_pb_section fb_built=\u00a0\u00bb1&Prime; _builder_version=\u00a0\u00bb4.27.6&Prime; _module_preset=\u00a0\u00bbdefault\u00a0\u00bb width=\u00a0\u00bb99.9%\u00a0\u00bb min_height=\u00a0\u00bb2887px\u00a0\u00bb global_colors_info=\u00a0\u00bb{}\u00a0\u00bb theme_builder_area=\u00a0\u00bbpost_content\u00a0\u00bb][et_pb_row _builder_version=\u00a0\u00bb4.27.6&Prime; _module_preset=\u00a0\u00bbdefault\u00a0\u00bb width=\u00a0\u00bb100%\u00a0\u00bb custom_margin=\u00a0\u00bb-61px|auto||auto||\u00a0\u00bb global_colors_info=\u00a0\u00bb{}\u00a0\u00bb theme_builder_area=\u00a0\u00bbpost_content\u00a0\u00bb][et_pb_column type=\u00a0\u00bb4_4&Prime; _builder_version=\u00a0\u00bb4.27.6&Prime; _module_preset=\u00a0\u00bbdefault\u00a0\u00bb global_colors_info=\u00a0\u00bb{}\u00a0\u00bb theme_builder_area=\u00a0\u00bbpost_content\u00a0\u00bb][et_pb_post_title title=\u00a0\u00bboff\u00a0\u00bb meta=\u00a0\u00bboff\u00a0\u00bb _builder_version=\u00a0\u00bb4.27.2&Prime; _module_preset=\u00a0\u00bbdefault\u00a0\u00bb width=\u00a0\u00bb100%\u00a0\u00bb min_height=\u00a0\u00bb0px\u00a0\u00bb custom_padding=\u00a0\u00bb|11px|0px|||\u00a0\u00bb global_colors_info=\u00a0\u00bb{}\u00a0\u00bb theme_builder_area=\u00a0\u00bbpost_content\u00a0\u00bb][\/et_pb_post_title][et_pb_text _builder_version=\u00a0\u00bb4.27.6&Prime; _module_preset=\u00a0\u00bbdefault\u00a0\u00bb width=\u00a0\u00bb121%\u00a0\u00bb custom_margin=\u00a0\u00bb|-15px||||\u00a0\u00bb global_colors_info=\u00a0\u00bb{}\u00a0\u00bb theme_builder_area=\u00a0\u00bbpost_content\u00a0\u00bb]<\/p>\n<p style=\"text-align: justify;\">\n<p class=\"font-claude-response-body break-words whitespace-normal\" data-sourcepos=\"3:1-3:263;77-339\" style=\"text-align: justify;\"><span style=\"font-size: large;\">Pouvoir travailler depuis Lisbonne, Chicago, Barcelone ou Bangkok tout en conservant son emploi en France : il y a encore quelques ann\u00e9es, cette perspective relevait de l&rsquo;exception. Aujourd&rsquo;hui, elle fait partie des aspirations d&rsquo;un nombre croissant de salari\u00e9s.<\/span><\/p>\n<p class=\"font-claude-response-body break-words whitespace-normal\" data-sourcepos=\"5:1-5:289;341-629\" style=\"text-align: justify;\"><span style=\"font-size: large;\">Le t\u00e9l\u00e9travail a profond\u00e9ment modifi\u00e9 notre rapport au lieu de travail. La pr\u00e9sence physique au bureau constituait autrefois la norme. Beaucoup d&rsquo;entreprises ont depuis d\u00e9couvert qu&rsquo;une partie significative de leurs activit\u00e9s pouvait fonctionner \u00e0 distance, sans perte de performance.<\/span><\/p>\n<p class=\"font-claude-response-body break-words whitespace-normal\" data-sourcepos=\"7:1-7:416;631-1046\" style=\"text-align: justify;\"><span style=\"font-size: large;\">Mais derri\u00e8re cette libert\u00e9 apparente se dissimule une r\u00e9alit\u00e9 beaucoup plus complexe. Le t\u00e9l\u00e9travail international reste aujourd&rsquo;hui un terrain encore partiellement encadr\u00e9. Il soul\u00e8ve de nombreuses interrogations en mati\u00e8re de protection sociale, de droit du travail, de fiscalit\u00e9 et de responsabilit\u00e9. Autant de dimensions qui exigent une vigilance accrue, tant pour les salari\u00e9s que pour les employeurs.<\/span><\/p>\n<p class=\"font-claude-response-body break-words whitespace-normal\" data-sourcepos=\"7:1-7:416;631-1046\" style=\"text-align: justify;\">\n<h2 class=\"text-text-100 mt-3 -mb-1 text-[1.125rem] font-bold\" data-sourcepos=\"9:1-9:41;1048-1088\" style=\"text-align: justify;\"><span style=\"font-size: x-large;\">Un cadre juridique encore en chantier<\/span><\/h2>\n<p class=\"font-claude-response-body break-words whitespace-normal\" data-sourcepos=\"11:1-11:415;1090-1504\" style=\"text-align: justify;\"><span style=\"font-size: large;\">L&rsquo;une des principales difficult\u00e9s du t\u00e9l\u00e9travail international r\u00e9side dans l&rsquo;absence d&rsquo;un cadre unique et harmonis\u00e9. Contrairement \u00e0 certaines id\u00e9es re\u00e7ues, une connexion internet ne suffit pas pour exercer librement son activit\u00e9 depuis n&rsquo;importe quel pays. Chaque situation ob\u00e9it \u00e0 un ensemble de r\u00e8gles parfois complexes, qui varient selon la dur\u00e9e du s\u00e9jour, le pays concern\u00e9 ou la nature de l&rsquo;activit\u00e9.<\/span><\/p>\n<p class=\"font-claude-response-body break-words whitespace-normal\" data-sourcepos=\"13:1-13:511;1506-2016\" style=\"text-align: justify;\"><span style=\"font-size: large;\">En juillet 2023, un accord europ\u00e9en a ouvert une br\u00e8che importante pour les travailleurs transfrontaliers. Ce dispositif leur permet, sous certaines conditions, de conserver l&rsquo;affiliation au r\u00e9gime de s\u00e9curit\u00e9 sociale du pays de l&#8217;employeur, \u00e0 condition que le temps de travail dans le pays de r\u00e9sidence ne d\u00e9passe pas <strong>50 %<\/strong> de l&rsquo;activit\u00e9 totale. Mais ce texte ne couvre qu&rsquo;une partie des situations ; les salari\u00e9s qui s&rsquo;installent durablement \u00e0 l&rsquo;\u00e9tranger rel\u00e8vent de r\u00e8gles diff\u00e9rentes.<\/span><\/p>\n<p class=\"font-claude-response-body break-words whitespace-normal\" data-sourcepos=\"13:1-13:511;1506-2016\" style=\"text-align: justify;\">\n<h2 class=\"text-text-100 mt-3 -mb-1 text-[1.125rem] font-bold\" data-sourcepos=\"15:1-15:70;2018-2087\" style=\"text-align: justify;\"><span style=\"font-size: x-large;\">Protection sociale : le principe de territorialit\u00e9 mis \u00e0 l&rsquo;\u00e9preuve<\/span><\/h2>\n<p class=\"font-claude-response-body break-words whitespace-normal\" data-sourcepos=\"17:1-17:420;2089-2508\" style=\"text-align: justify;\"><span style=\"font-size: large;\">La protection sociale des salari\u00e9s \u00e0 l&rsquo;\u00e9tranger constitue souvent la principale pr\u00e9occupation des salari\u00e9s qui envisagent de t\u00e9l\u00e9travailler depuis l&rsquo;\u00e9tranger. La r\u00e8gle de r\u00e9f\u00e9rence reste le principe de territorialit\u00e9 : un travailleur cotise dans le pays o\u00f9 il exerce son activit\u00e9. Ce principe para\u00eet simple. Son application devient complexe d\u00e8s que le travail s&rsquo;effectue \u00e0 distance depuis un autre \u00c9tat.<\/span><\/p>\n<p class=\"font-claude-response-body break-words whitespace-normal\" data-sourcepos=\"19:1-19:457;2510-2966\" style=\"text-align: justify;\"><span style=\"font-size: large;\">Un t\u00e9l\u00e9travail prolong\u00e9 peut modifier le r\u00e9gime d&rsquo;affiliation. Le salari\u00e9 peut alors rejoindre le syst\u00e8me de protection sociale du pays de r\u00e9sidence. Cons\u00e9quences concr\u00e8tes : <a href=\"https:\/\/ambrelia.com\/fr\/nos-solutions\/assurance-sante-internationale\/\">couverture sant\u00e9<\/a>, prestations familiales, droits \u00e0 la retraite et cotisations sociales peuvent tous \u00e9voluer. Il est donc essentiel d&rsquo;\u00e9valuer ces impacts avant de partir, pour s&rsquo;assurer quela protection reste adapt\u00e9e aux besoins du salari\u00e9 et de sa famille.<\/span><\/p>\n<p class=\"font-claude-response-body break-words whitespace-normal\" data-sourcepos=\"19:1-19:457;2510-2966\" style=\"text-align: justify;\">\n<h2 class=\"text-text-100 mt-3 -mb-1 text-[1.125rem] font-bold\" data-sourcepos=\"21:1-21:65;2968-3032\" style=\"text-align: justify;\"><span style=\"font-size: x-large;\">Assurances et couverture des risques : un angle mort fr\u00e9quent<\/span><\/h2>\n<p class=\"font-claude-response-body break-words whitespace-normal\" data-sourcepos=\"23:1-23:519;3034-3552\" style=\"text-align: justify;\"><span style=\"font-size: large;\">Au-del\u00e0 de la s\u00e9curit\u00e9 sociale, les assurances restent un sujet souvent sous-estim\u00e9. Beaucoup de salari\u00e9s croient b\u00e9n\u00e9ficier de la m\u00eame protection quel que soit leur lieu de travail. Erreur : certaines garanties excluent l&rsquo;international. Les risques sont nombreux \u2014 responsabilit\u00e9 civile professionnelle, dommages sur les \u00e9quipements informatiques, accidents pendant l&rsquo;activit\u00e9, incidents li\u00e9s aux conditions locales. Employeur et salari\u00e9 doivent donc v\u00e9rifier les garanties ensemble avant tout d\u00e9part.<\/span><\/p>\n<p class=\"font-claude-response-body break-words whitespace-normal\" data-sourcepos=\"25:1-25:332;3554-3885\" style=\"text-align: justify;\"><span style=\"font-size: large;\"><strong>C&rsquo;est pr\u00e9cis\u00e9ment sur ce point qu&rsquo;une <a class=\"underline underline underline-offset-2 decoration-1 decoration-current\/40 hover:decoration-current focus:decoration-current\" href=\"https:\/\/ambrelia.com\/fr\/2022\/09\/quelle-assurance-pour-le-teletravail-a-letranger\/\">assurance sant\u00e9 internationale adapt\u00e9e au t\u00e9l\u00e9travail \u00e0 l&rsquo;\u00e9tranger<\/a> fait toute la diff\u00e9rence<\/strong> : les contrats classiques ne couvrent pas toujours les situations de travail \u00e0 distance prolong\u00e9 hors de France.<\/span><\/p>\n<p class=\"font-claude-response-body break-words whitespace-normal\" data-sourcepos=\"25:1-25:332;3554-3885\" style=\"text-align: justify;\"><span style=\"font-size: large;\"><strong><\/strong><\/span><\/p>\n<h2 class=\"text-text-100 mt-3 -mb-1 text-[1.125rem] font-bold\" data-sourcepos=\"27:1-27:56;3887-3942\" style=\"text-align: justify;\"><span style=\"font-size: x-large;\">La dur\u00e9e : un facteur d\u00e9terminant pour la couverture<\/span><\/h2>\n<p class=\"font-claude-response-body break-words whitespace-normal\" data-sourcepos=\"29:1-29:237;3944-4180\" style=\"text-align: justify;\"><span style=\"font-size: large;\">La fronti\u00e8re entre t\u00e9l\u00e9travail international et expatriation reste parfois floue. Quelques semaines depuis l&rsquo;\u00e9tranger n&rsquo;entra\u00eenent g\u00e9n\u00e9ralement pas les m\u00eames obligations qu&rsquo;une installation de plusieurs mois ou plusieurs ann\u00e9es.<\/span><\/p>\n<p class=\"font-claude-response-body break-words whitespace-normal\" data-sourcepos=\"31:1-31:446;4182-4627\" style=\"text-align: justify;\"><span style=\"font-size: large;\">Quand la dur\u00e9e reste courte, les cons\u00e9quences administratives demeurent limit\u00e9es. Quand elle s&rsquo;allonge, les autorit\u00e9s peuvent requalifier la situation en installation \u00e0 l&rsquo;\u00e9tranger. Il faut alors mettre en place une <strong><a class=\"underline underline underline-offset-2 decoration-1 decoration-current\/40 hover:decoration-current focus:decoration-current\" href=\"https:\/\/ambrelia.com\/fr\/nos-solutions\/assurance-sante-internationale\/\">protection compl\u00e8te pour les collaborateurs en mobilit\u00e9 internationale<\/a>.<\/strong> Un expert en droit international peut s&rsquo;av\u00e9rer indispensable.<\/span><\/p>\n<p class=\"font-claude-response-body break-words whitespace-normal\" data-sourcepos=\"31:1-31:446;4182-4627\" style=\"text-align: justify;\">\n<h2 class=\"text-text-100 mt-3 -mb-1 text-[1.125rem] font-bold\" data-sourcepos=\"33:1-33:57;4629-4685\" style=\"text-align: justify;\"><span style=\"font-size: x-large;\">L&rsquo;accord de l&#8217;employeur : un pr\u00e9requis incontournable<\/span><\/h2>\n<p class=\"font-claude-response-body break-words whitespace-normal\" data-sourcepos=\"35:1-35:484;4687-5170\" style=\"text-align: justify;\"><span style=\"font-size: large;\">Le t\u00e9l\u00e9travail international ne constitue pas une simple extension du t\u00e9l\u00e9travail classique. Aucun salari\u00e9 ne peut d\u00e9cider seul de travailler depuis un autre pays sans en informer son employeur. Une initiative prise sans validation peut entra\u00eener des cons\u00e9quences disciplinaires. Malgr\u00e9 la distance, l&#8217;employeur conserve un devoir de protection (Duty of Care) : il doit veiller \u00e0 la sant\u00e9, \u00e0 la s\u00e9curit\u00e9, aux conditions de travail et \u00e0 l&rsquo;isolement du salari\u00e9.<\/span><\/p>\n<p class=\"font-claude-response-body break-words whitespace-normal\" data-sourcepos=\"37:1-37:248;5172-5419\" style=\"text-align: justify;\"><span style=\"font-size: large;\"><strong>En cas d&rsquo;accident ou d&rsquo;urgence m\u00e9dicale, une <a class=\"underline underline underline-offset-2 decoration-1 decoration-current\/40 hover:decoration-current focus:decoration-current\" href=\"https:\/\/ambrelia.com\/fr\/nos-solutions\/assurance-rapatriement\/\">assurance rapatriement<\/a> adapt\u00e9e permet \u00e0 l&#8217;employeur de remplir cette obligation et d&rsquo;organiser rapidement le retour du collaborateur.<\/strong><\/span><\/p>\n<p class=\"font-claude-response-body break-words whitespace-normal\" data-sourcepos=\"37:1-37:248;5172-5419\" style=\"text-align: justify;\"><span style=\"font-size: large;\"><strong><\/strong><\/span><\/p>\n<h2 class=\"text-text-100 mt-3 -mb-1 text-[1.125rem] font-bold\" data-sourcepos=\"39:1-39:51;5421-5471\" style=\"text-align: justify;\"><span style=\"font-size: x-large;\">Des implications fiscales \u00e0 ne pas sous-estimer<\/span><\/h2>\n<p class=\"font-claude-response-body break-words whitespace-normal\" data-sourcepos=\"41:1-41:411;5473-5883\" style=\"text-align: justify;\"><span style=\"font-size: large;\">La fiscalit\u00e9 repr\u00e9sente un autre enjeu majeur du t\u00e9l\u00e9travail international. Selon la dur\u00e9e de pr\u00e9sence, le lieu de r\u00e9sidence ou l&rsquo;origine des revenus, un salari\u00e9 peut devoir remplir des obligations d\u00e9claratives dans plusieurs \u00c9tats.Les conventions fiscales internationales permettent g\u00e9n\u00e9ralement d&rsquo;\u00e9viter la double imposition. Sans anticipation, le risque de redressement fiscal devient r\u00e9el.<\/span><\/p>\n<p class=\"font-claude-response-body break-words whitespace-normal\" data-sourcepos=\"41:1-41:411;5473-5883\" style=\"text-align: justify;\">\n<h2 class=\"text-text-100 mt-3 -mb-1 text-[1.125rem] font-bold\" data-sourcepos=\"43:1-43:43;5885-5927\" style=\"text-align: justify;\"><span style=\"font-size: x-large;\">Une opportunit\u00e9 \u00e0 encadrer avec rigueur<\/span><\/h2>\n<p class=\"font-claude-response-body break-words whitespace-normal\" data-sourcepos=\"45:1-45:334;5929-6262\" style=\"text-align: justify;\"><span style=\"font-size: large;\">Le t\u00e9l\u00e9travail international s&rsquo;impose progressivement comme une nouvelle composante du monde du travail. Il offre aux salari\u00e9s davantage de flexibilit\u00e9. Mais les enjeux juridiques, sociaux, assurantiels, fiscaux et s\u00e9curitaires restent r\u00e9els \u2014 et leurs cons\u00e9quences peuvent \u00eatre lourdes si on ne les anticipe pas.<\/span><\/p>\n<p class=\"font-claude-response-body break-words whitespace-normal\" data-sourcepos=\"47:1-47:521;6264-6784\" style=\"text-align: justify;\"><span style=\"font-size: large;\">La r\u00e9ussite de cette exp\u00e9rience repose sur une pr\u00e9paration rigoureuse et un dialogue transparent entre salari\u00e9 et employeur. Avant de franchir le pas, informez-vous et faites-vous accompagner. Car si le t\u00e9l\u00e9travail international repr\u00e9sente une formidable opportunit\u00e9, il ne devient r\u00e9ellement b\u00e9n\u00e9fique que lorsqu&rsquo;on l&rsquo;anticipe et l&rsquo;encadre correctement. <strong><a class=\"underline underline underline-offset-2 decoration-1 decoration-current\/40 hover:decoration-current focus:decoration-current\" href=\"https:\/\/ambrelia.com\/fr\/nos-solutions\/\">D\u00e9couvrez les solutions d&rsquo;Ambrelia<\/a> pour prot\u00e9ger vos collaborateurs en mobilit\u00e9 internationale.<\/strong><\/span><\/p>\n<p>[\/et_pb_text][\/et_pb_column][\/et_pb_row][\/et_pb_section]<\/p>\n","protected":false},"excerpt":{"rendered":"<p>Pouvoir travailler depuis Lisbonne, Chicago, Barcelone ou Bangkok tout en conservant son emploi en France : il y a encore quelques ann\u00e9es, cette perspective relevait de l&rsquo;exception. Aujourd&rsquo;hui, elle fait partie des aspirations d&rsquo;un nombre croissant de salari\u00e9s. Le t\u00e9l\u00e9travail a profond\u00e9ment modifi\u00e9 notre rapport au lieu de travail. La pr\u00e9sence physique au bureau constituait [&hellip;]<\/p>\n","protected":false},"author":26,"featured_media":17234449,"comment_status":"closed","ping_status":"closed","sticky":false,"template":"","format":"standard","meta":{"_et_pb_use_builder":"on","_et_pb_old_content":"","_et_gb_content_width":"","footnotes":""},"categories":[9],"tags":[],"dipi_cpt_category":[],"class_list":["post-17234440","post","type-post","status-publish","format-standard","has-post-thumbnail","hentry","category-non-classifiee"],"yoast_head":"<!-- This site is optimized with the Yoast SEO plugin v28.4 - https:\/\/yoast.com\/product\/yoast-seo-wordpress\/ -->\n<title>T\u00e9l\u00e9travail international : une libert\u00e9 qui exige de nouvelles r\u00e8gles - Ambrelia<\/title>\n<meta name=\"robots\" content=\"index, follow, max-snippet:-1, max-image-preview:large, max-video-preview:-1\" \/>\n<link rel=\"canonical\" href=\"https:\/\/ambrelia.com\/fr\/2026\/09\/teletravail-international-une-liberte-qui-exige-de-nouvelles-regles\/\" \/>\n<meta property=\"og:locale\" content=\"fr_FR\" \/>\n<meta property=\"og:type\" content=\"article\" \/>\n<meta property=\"og:title\" content=\"T\u00e9l\u00e9travail international : une libert\u00e9 qui exige de nouvelles r\u00e8gles - Ambrelia\" \/>\n<meta property=\"og:description\" content=\"Pouvoir travailler depuis Lisbonne, Chicago, Barcelone ou Bangkok tout en conservant son emploi en France : il y a encore quelques ann\u00e9es, cette perspective relevait de l&#039;exception. Aujourd&#039;hui, elle fait partie des aspirations d&#039;un nombre croissant de salari\u00e9s. Le t\u00e9l\u00e9travail a profond\u00e9ment modifi\u00e9 notre rapport au lieu de travail. La pr\u00e9sence physique au bureau constituait [&hellip;]\" \/>\n<meta property=\"og:url\" content=\"https:\/\/ambrelia.com\/fr\/2026\/09\/teletravail-international-une-liberte-qui-exige-de-nouvelles-regles\/\" \/>\n<meta property=\"og:site_name\" content=\"Ambrelia\" \/>\n<meta property=\"article:published_time\" content=\"2026-09-03T10:00:00+00:00\" \/>\n<meta property=\"og:image\" content=\"https:\/\/ambrelia.com\/wp-content\/uploads\/2026\/06\/image-teletravail.webp\" \/>\n\t<meta property=\"og:image:width\" content=\"592\" \/>\n\t<meta property=\"og:image:height\" content=\"392\" \/>\n\t<meta property=\"og:image:type\" content=\"image\/webp\" \/>\n<meta name=\"author\" content=\"stephane.lorey@ambrelia.com\" \/>\n<meta name=\"twitter:card\" content=\"summary_large_image\" \/>\n<meta name=\"twitter:label1\" content=\"\u00c9crit par\" \/>\n\t<meta name=\"twitter:data1\" content=\"stephane.lorey@ambrelia.com\" \/>\n\t<meta name=\"twitter:label2\" content=\"Dur\u00e9e de lecture estim\u00e9e\" \/>\n\t<meta name=\"twitter:data2\" content=\"5 minutes\" \/>\n<script type=\"application\/ld+json\" class=\"yoast-schema-graph\">{\"@context\":\"https:\\\/\\\/schema.org\",\"@graph\":[{\"@type\":\"Article\",\"@id\":\"https:\\\/\\\/ambrelia.com\\\/fr\\\/2026\\\/09\\\/teletravail-international-une-liberte-qui-exige-de-nouvelles-regles\\\/#article\",\"isPartOf\":{\"@id\":\"https:\\\/\\\/ambrelia.com\\\/fr\\\/2026\\\/09\\\/teletravail-international-une-liberte-qui-exige-de-nouvelles-regles\\\/\"},\"author\":{\"name\":\"stephane.lorey@ambrelia.com\",\"@id\":\"https:\\\/\\\/ambrelia.com\\\/fr\\\/#\\\/schema\\\/person\\\/3ae5b807a09f259b4263f4b765f2a6b2\"},\"headline\":\"T\u00e9l\u00e9travail international : une libert\u00e9 qui exige de nouvelles r\u00e8gles\",\"datePublished\":\"2026-09-03T10:00:00+00:00\",\"mainEntityOfPage\":{\"@id\":\"https:\\\/\\\/ambrelia.com\\\/fr\\\/2026\\\/09\\\/teletravail-international-une-liberte-qui-exige-de-nouvelles-regles\\\/\"},\"wordCount\":1151,\"image\":{\"@id\":\"https:\\\/\\\/ambrelia.com\\\/fr\\\/2026\\\/09\\\/teletravail-international-une-liberte-qui-exige-de-nouvelles-regles\\\/#primaryimage\"},\"thumbnailUrl\":\"https:\\\/\\\/ambrelia.com\\\/wp-content\\\/uploads\\\/2026\\\/06\\\/image-teletravail.webp\",\"articleSection\":[\"Non classifi\u00e9(e)\"],\"inLanguage\":\"fr-FR\"},{\"@type\":\"WebPage\",\"@id\":\"https:\\\/\\\/ambrelia.com\\\/fr\\\/2026\\\/09\\\/teletravail-international-une-liberte-qui-exige-de-nouvelles-regles\\\/\",\"url\":\"https:\\\/\\\/ambrelia.com\\\/fr\\\/2026\\\/09\\\/teletravail-international-une-liberte-qui-exige-de-nouvelles-regles\\\/\",\"name\":\"T\u00e9l\u00e9travail international : une libert\u00e9 qui exige de nouvelles r\u00e8gles - Ambrelia\",\"isPartOf\":{\"@id\":\"https:\\\/\\\/ambrelia.com\\\/fr\\\/#website\"},\"primaryImageOfPage\":{\"@id\":\"https:\\\/\\\/ambrelia.com\\\/fr\\\/2026\\\/09\\\/teletravail-international-une-liberte-qui-exige-de-nouvelles-regles\\\/#primaryimage\"},\"image\":{\"@id\":\"https:\\\/\\\/ambrelia.com\\\/fr\\\/2026\\\/09\\\/teletravail-international-une-liberte-qui-exige-de-nouvelles-regles\\\/#primaryimage\"},\"thumbnailUrl\":\"https:\\\/\\\/ambrelia.com\\\/wp-content\\\/uploads\\\/2026\\\/06\\\/image-teletravail.webp\",\"datePublished\":\"2026-09-03T10:00:00+00:00\",\"author\":{\"@id\":\"https:\\\/\\\/ambrelia.com\\\/fr\\\/#\\\/schema\\\/person\\\/3ae5b807a09f259b4263f4b765f2a6b2\"},\"breadcrumb\":{\"@id\":\"https:\\\/\\\/ambrelia.com\\\/fr\\\/2026\\\/09\\\/teletravail-international-une-liberte-qui-exige-de-nouvelles-regles\\\/#breadcrumb\"},\"inLanguage\":\"fr-FR\",\"potentialAction\":[{\"@type\":\"ReadAction\",\"target\":[\"https:\\\/\\\/ambrelia.com\\\/fr\\\/2026\\\/09\\\/teletravail-international-une-liberte-qui-exige-de-nouvelles-regles\\\/\"]}]},{\"@type\":\"ImageObject\",\"inLanguage\":\"fr-FR\",\"@id\":\"https:\\\/\\\/ambrelia.com\\\/fr\\\/2026\\\/09\\\/teletravail-international-une-liberte-qui-exige-de-nouvelles-regles\\\/#primaryimage\",\"url\":\"https:\\\/\\\/ambrelia.com\\\/wp-content\\\/uploads\\\/2026\\\/06\\\/image-teletravail.webp\",\"contentUrl\":\"https:\\\/\\\/ambrelia.com\\\/wp-content\\\/uploads\\\/2026\\\/06\\\/image-teletravail.webp\",\"width\":592,\"height\":392,\"caption\":\"Image t\u00e9l\u00e9travail\"},{\"@type\":\"BreadcrumbList\",\"@id\":\"https:\\\/\\\/ambrelia.com\\\/fr\\\/2026\\\/09\\\/teletravail-international-une-liberte-qui-exige-de-nouvelles-regles\\\/#breadcrumb\",\"itemListElement\":[{\"@type\":\"ListItem\",\"position\":1,\"name\":\"Accueil\",\"item\":\"https:\\\/\\\/ambrelia.com\\\/fr\\\/\"},{\"@type\":\"ListItem\",\"position\":2,\"name\":\"T\u00e9l\u00e9travail international : une libert\u00e9 qui exige de nouvelles r\u00e8gles\"}]},{\"@type\":\"WebSite\",\"@id\":\"https:\\\/\\\/ambrelia.com\\\/fr\\\/#website\",\"url\":\"https:\\\/\\\/ambrelia.com\\\/fr\\\/\",\"name\":\"Ambrelia\",\"description\":\"\",\"potentialAction\":[{\"@type\":\"SearchAction\",\"target\":{\"@type\":\"EntryPoint\",\"urlTemplate\":\"https:\\\/\\\/ambrelia.com\\\/fr\\\/?s={search_term_string}\"},\"query-input\":{\"@type\":\"PropertyValueSpecification\",\"valueRequired\":true,\"valueName\":\"search_term_string\"}}],\"inLanguage\":\"fr-FR\"},{\"@type\":\"Person\",\"@id\":\"https:\\\/\\\/ambrelia.com\\\/fr\\\/#\\\/schema\\\/person\\\/3ae5b807a09f259b4263f4b765f2a6b2\",\"name\":\"stephane.lorey@ambrelia.com\",\"image\":{\"@type\":\"ImageObject\",\"inLanguage\":\"fr-FR\",\"@id\":\"https:\\\/\\\/secure.gravatar.com\\\/avatar\\\/89a996148b0145fbd63f2ffb408012761b88b3a3513385cfd8cae70f4e32dd91?s=96&d=mm&r=g\",\"url\":\"https:\\\/\\\/secure.gravatar.com\\\/avatar\\\/89a996148b0145fbd63f2ffb408012761b88b3a3513385cfd8cae70f4e32dd91?s=96&d=mm&r=g\",\"contentUrl\":\"https:\\\/\\\/secure.gravatar.com\\\/avatar\\\/89a996148b0145fbd63f2ffb408012761b88b3a3513385cfd8cae70f4e32dd91?s=96&d=mm&r=g\",\"caption\":\"stephane.lorey@ambrelia.com\"}}]}<\/script>\n<!-- \/ Yoast SEO plugin. -->","yoast_head_json":{"title":"T\u00e9l\u00e9travail international : une libert\u00e9 qui exige de nouvelles r\u00e8gles - Ambrelia","robots":{"index":"index","follow":"follow","max-snippet":"max-snippet:-1","max-image-preview":"max-image-preview:large","max-video-preview":"max-video-preview:-1"},"canonical":"https:\/\/ambrelia.com\/fr\/2026\/09\/teletravail-international-une-liberte-qui-exige-de-nouvelles-regles\/","og_locale":"fr_FR","og_type":"article","og_title":"T\u00e9l\u00e9travail international : une libert\u00e9 qui exige de nouvelles r\u00e8gles - Ambrelia","og_description":"Pouvoir travailler depuis Lisbonne, Chicago, Barcelone ou Bangkok tout en conservant son emploi en France : il y a encore quelques ann\u00e9es, cette perspective relevait de l'exception. Aujourd'hui, elle fait partie des aspirations d'un nombre croissant de salari\u00e9s. Le t\u00e9l\u00e9travail a profond\u00e9ment modifi\u00e9 notre rapport au lieu de travail. La pr\u00e9sence physique au bureau constituait [&hellip;]","og_url":"https:\/\/ambrelia.com\/fr\/2026\/09\/teletravail-international-une-liberte-qui-exige-de-nouvelles-regles\/","og_site_name":"Ambrelia","article_published_time":"2026-09-03T10:00:00+00:00","og_image":[{"width":592,"height":392,"url":"https:\/\/ambrelia.com\/wp-content\/uploads\/2026\/06\/image-teletravail.webp","type":"image\/webp"}],"author":"stephane.lorey@ambrelia.com","twitter_card":"summary_large_image","twitter_misc":{"\u00c9crit par":"stephane.lorey@ambrelia.com","Dur\u00e9e de lecture estim\u00e9e":"5 minutes"},"schema":{"@context":"https:\/\/schema.org","@graph":[{"@type":"Article","@id":"https:\/\/ambrelia.com\/fr\/2026\/09\/teletravail-international-une-liberte-qui-exige-de-nouvelles-regles\/#article","isPartOf":{"@id":"https:\/\/ambrelia.com\/fr\/2026\/09\/teletravail-international-une-liberte-qui-exige-de-nouvelles-regles\/"},"author":{"name":"stephane.lorey@ambrelia.com","@id":"https:\/\/ambrelia.com\/fr\/#\/schema\/person\/3ae5b807a09f259b4263f4b765f2a6b2"},"headline":"T\u00e9l\u00e9travail international : une libert\u00e9 qui exige de nouvelles r\u00e8gles","datePublished":"2026-09-03T10:00:00+00:00","mainEntityOfPage":{"@id":"https:\/\/ambrelia.com\/fr\/2026\/09\/teletravail-international-une-liberte-qui-exige-de-nouvelles-regles\/"},"wordCount":1151,"image":{"@id":"https:\/\/ambrelia.com\/fr\/2026\/09\/teletravail-international-une-liberte-qui-exige-de-nouvelles-regles\/#primaryimage"},"thumbnailUrl":"https:\/\/ambrelia.com\/wp-content\/uploads\/2026\/06\/image-teletravail.webp","articleSection":["Non classifi\u00e9(e)"],"inLanguage":"fr-FR"},{"@type":"WebPage","@id":"https:\/\/ambrelia.com\/fr\/2026\/09\/teletravail-international-une-liberte-qui-exige-de-nouvelles-regles\/","url":"https:\/\/ambrelia.com\/fr\/2026\/09\/teletravail-international-une-liberte-qui-exige-de-nouvelles-regles\/","name":"T\u00e9l\u00e9travail international : une libert\u00e9 qui exige de nouvelles r\u00e8gles - Ambrelia","isPartOf":{"@id":"https:\/\/ambrelia.com\/fr\/#website"},"primaryImageOfPage":{"@id":"https:\/\/ambrelia.com\/fr\/2026\/09\/teletravail-international-une-liberte-qui-exige-de-nouvelles-regles\/#primaryimage"},"image":{"@id":"https:\/\/ambrelia.com\/fr\/2026\/09\/teletravail-international-une-liberte-qui-exige-de-nouvelles-regles\/#primaryimage"},"thumbnailUrl":"https:\/\/ambrelia.com\/wp-content\/uploads\/2026\/06\/image-teletravail.webp","datePublished":"2026-09-03T10:00:00+00:00","author":{"@id":"https:\/\/ambrelia.com\/fr\/#\/schema\/person\/3ae5b807a09f259b4263f4b765f2a6b2"},"breadcrumb":{"@id":"https:\/\/ambrelia.com\/fr\/2026\/09\/teletravail-international-une-liberte-qui-exige-de-nouvelles-regles\/#breadcrumb"},"inLanguage":"fr-FR","potentialAction":[{"@type":"ReadAction","target":["https:\/\/ambrelia.com\/fr\/2026\/09\/teletravail-international-une-liberte-qui-exige-de-nouvelles-regles\/"]}]},{"@type":"ImageObject","inLanguage":"fr-FR","@id":"https:\/\/ambrelia.com\/fr\/2026\/09\/teletravail-international-une-liberte-qui-exige-de-nouvelles-regles\/#primaryimage","url":"https:\/\/ambrelia.com\/wp-content\/uploads\/2026\/06\/image-teletravail.webp","contentUrl":"https:\/\/ambrelia.com\/wp-content\/uploads\/2026\/06\/image-teletravail.webp","width":592,"height":392,"caption":"Image t\u00e9l\u00e9travail"},{"@type":"BreadcrumbList","@id":"https:\/\/ambrelia.com\/fr\/2026\/09\/teletravail-international-une-liberte-qui-exige-de-nouvelles-regles\/#breadcrumb","itemListElement":[{"@type":"ListItem","position":1,"name":"Accueil","item":"https:\/\/ambrelia.com\/fr\/"},{"@type":"ListItem","position":2,"name":"T\u00e9l\u00e9travail international : une libert\u00e9 qui exige de nouvelles r\u00e8gles"}]},{"@type":"WebSite","@id":"https:\/\/ambrelia.com\/fr\/#website","url":"https:\/\/ambrelia.com\/fr\/","name":"Ambrelia","description":"","potentialAction":[{"@type":"SearchAction","target":{"@type":"EntryPoint","urlTemplate":"https:\/\/ambrelia.com\/fr\/?s={search_term_string}"},"query-input":{"@type":"PropertyValueSpecification","valueRequired":true,"valueName":"search_term_string"}}],"inLanguage":"fr-FR"},{"@type":"Person","@id":"https:\/\/ambrelia.com\/fr\/#\/schema\/person\/3ae5b807a09f259b4263f4b765f2a6b2","name":"stephane.lorey@ambrelia.com","image":{"@type":"ImageObject","inLanguage":"fr-FR","@id":"https:\/\/secure.gravatar.com\/avatar\/89a996148b0145fbd63f2ffb408012761b88b3a3513385cfd8cae70f4e32dd91?s=96&d=mm&r=g","url":"https:\/\/secure.gravatar.com\/avatar\/89a996148b0145fbd63f2ffb408012761b88b3a3513385cfd8cae70f4e32dd91?s=96&d=mm&r=g","contentUrl":"https:\/\/secure.gravatar.com\/avatar\/89a996148b0145fbd63f2ffb408012761b88b3a3513385cfd8cae70f4e32dd91?s=96&d=mm&r=g","caption":"stephane.lorey@ambrelia.com"}}]}},"_links":{"self":[{"href":"https:\/\/ambrelia.com\/fr\/wp-json\/wp\/v2\/posts\/17234440","targetHints":{"allow":["GET"]}}],"collection":[{"href":"https:\/\/ambrelia.com\/fr\/wp-json\/wp\/v2\/posts"}],"about":[{"href":"https:\/\/ambrelia.com\/fr\/wp-json\/wp\/v2\/types\/post"}],"author":[{"embeddable":true,"href":"https:\/\/ambrelia.com\/fr\/wp-json\/wp\/v2\/users\/26"}],"replies":[{"embeddable":true,"href":"https:\/\/ambrelia.com\/fr\/wp-json\/wp\/v2\/comments?post=17234440"}],"version-history":[{"count":15,"href":"https:\/\/ambrelia.com\/fr\/wp-json\/wp\/v2\/posts\/17234440\/revisions"}],"predecessor-version":[{"id":17234506,"href":"https:\/\/ambrelia.com\/fr\/wp-json\/wp\/v2\/posts\/17234440\/revisions\/17234506"}],"wp:featuredmedia":[{"embeddable":true,"href":"https:\/\/ambrelia.com\/fr\/wp-json\/wp\/v2\/media\/17234449"}],"wp:attachment":[{"href":"https:\/\/ambrelia.com\/fr\/wp-json\/wp\/v2\/media?parent=17234440"}],"wp:term":[{"taxonomy":"category","embeddable":true,"href":"https:\/\/ambrelia.com\/fr\/wp-json\/wp\/v2\/categories?post=17234440"},{"taxonomy":"post_tag","embeddable":true,"href":"https:\/\/ambrelia.com\/fr\/wp-json\/wp\/v2\/tags?post=17234440"},{"taxonomy":"dipi_cpt_category","embeddable":true,"href":"https:\/\/ambrelia.com\/fr\/wp-json\/wp\/v2\/dipi_cpt_category?post=17234440"}],"curies":[{"name":"wp","href":"https:\/\/api.w.org\/{rel}","templated":true}]}}