{"id":21423,"date":"2019-03-22T15:37:23","date_gmt":"2019-03-22T14:37:23","guid":{"rendered":"https:\/\/ambrelia.com\/?p=21423"},"modified":"2024-10-08T07:01:24","modified_gmt":"2024-10-08T07:01:24","slug":"quelle-couverture-sociale-a-letranger-envisager-pour-vos-employes","status":"publish","type":"post","link":"https:\/\/ambrelia.com\/fr\/2019\/03\/quelle-couverture-sociale-a-letranger-envisager-pour-vos-employes\/","title":{"rendered":"Quelle couverture sociale \u00e0 l\u2019\u00e9tranger envisager pour vos employ\u00e9s ?"},"content":{"rendered":"\n<p>La s\u00e9curit\u00e9 sociale fran\u00e7aise garantit \u00e0 vos employ\u00e9s une prise en charge quasi-compl\u00e8te. C\u2019est pourtant loin d\u2019\u00eatre le cas hors-territoire. En effet, les frais m\u00e9dicaux peuvent s\u2019av\u00e9rer tr\u00e8s \u00e9lev\u00e9s (aux Etats-Unis par exemple) et peser dans la balance. <br><\/p>\n\n\n\n<p>En cas de d\u00e9placement professionnel, un d\u00e9tachement ou d\u2019expatriation, <strong>quelle couverture sociale \u00e0 l\u2019\u00e9tranger est la plus adapt\u00e9e \u00e0 vos collaborateurs ?<\/strong> Tout d\u00e9pendra du pays de destination.<br><\/p>\n\n\n\n<h2 class=\"wp-block-heading\">D\u00e9placement en Union Europ\u00e9enne<\/h2>\n\n\n\n<p>En cas de voyage professionnel au sein de l\u2019Union europ\u00e9enne (<em>+ EEE et Suisse)<\/em>, vos salari\u00e9s peuvent b\u00e9n\u00e9ficier d\u2019une couverture maladie semblable \u00e0 celle propos\u00e9e par la s\u00e9curit\u00e9 sociale fran\u00e7aise. <br><\/p>\n\n\n\n<p>Il s\u2019agit de la Carte europ\u00e9enne d\u2019Assurance maladie (CEAM) qui peut \u00eatre d\u00e9livr\u00e9e en quelques jours sur demande de l\u2019assur\u00e9. Comment fonctionne t-elle ? <br><\/p>\n\n\n\n<p>D\u2019une part, la CEAM permet \u00e0 vos employ\u00e9s d\u2019\u00eatre rembours\u00e9s en fonction des tarifs de la s\u00e9curit\u00e9 sociale du pays de destination. <br><\/p>\n\n\n\n<p>Toutefois, elle peut s\u2019av\u00e9rer d\u00e9savantageuse au vu du co\u00fbt des soins m\u00e9dicaux variable et parfois tr\u00e8s \u00e9lev\u00e9 par rapport au remboursement local faible. De plus, la CEAM ne prend pas en charge le rapatriement en cas d\u2019urgence. <br><\/p>\n\n\n\n<p>Une assurance suppl\u00e9mentaire peut \u00eatre envisag\u00e9e pour prot\u00e9ger compl\u00e8tement vos salari\u00e9s, m\u00eame lors d\u2019un d\u00e9placement professionnel court. <br><\/p>\n\n\n\n<h2 class=\"wp-block-heading\">D\u00e9placement hors-Union Europ\u00e9enne<\/h2>\n\n\n\n<p>Hors union-europ\u00e9enne, la caisse d\u2019assurance maladie couvre toujours vos employ\u00e9s mais uniquement en cas d\u2019urgences. Les frais m\u00e9dicaux sont \u00e0 leur charge sur place. Ils devront alors fournir une feuille de soin et des justificatifs divers s\u2019ils d\u00e9sirent \u00eatre rembours\u00e9s. <br><\/p>\n\n\n\n<p>Un m\u00e9decin conseil de la caisse d\u2019assurance traitera alors l\u2019urgence de vos salari\u00e9s et d\u00e9terminera de sa validit\u00e9 ou non. Si le dossier est accept\u00e9, les remboursements se feront aux tarifs en vigueur en France, ind\u00e9pendamment du montant r\u00e9gl\u00e9. <\/p>\n\n\n\n<p>En cas de refus, aucun recours n\u2019est envisageable. <br><\/p>\n\n\n\n<p>Une nouvelle fois, la couverture sociale \u00e0 l\u2019\u00e9tranger demeure limit\u00e9e et ne garantit pas la s\u00e9curit\u00e9 et le remboursement complet de vos collaborateurs. <br><\/p>\n\n\n\n<h2 class=\"wp-block-heading\">Quelles solutions pour prot\u00e9ger vos employ\u00e9s ?<\/h2>\n\n\n\n<p>S\u00e9curit\u00e9 et s\u00e9r\u00e9nit\u00e9 doivent \u00eatre les ma\u00eetres-mots de vos voyages professionnels. <\/p>\n\n\n\n<p>A la couverture initiale doit s\u2019ajouter une assurance int\u00e9grale, destin\u00e9e \u00e0 traiter rapidement tous les types de prise en charge hors territoire fran\u00e7ais. <br><\/p>\n\n\n\n<p>Ambrelia vous propose une solution compl\u00e8te pour une expatriation, un d\u00e9tachement ou un d\u00e9placement professionnel \u00e0 l\u2019\u00e9tranger prenant en compte : <br><\/p>\n\n\n\n<ul class=\"wp-block-list\"><li><strong>Une dimension internationale <\/strong>: en offrant aux salari\u00e9s et \u00e0 leurs proches des garanties m\u00e9dicales optimales. Elles comprennent ainsi tous les frais m\u00e9dicaux envisageables.<\/li><\/ul>\n\n\n\n<ul class=\"wp-block-list\"><li><strong>Un acc\u00e8s au r\u00e9seau m\u00e9dical mondial <\/strong>: pour plus de rapidit\u00e9 dans la prise en charge. <\/li><\/ul>\n\n\n\n<ul class=\"wp-block-list\"><li><strong>Une clause de pr\u00e9voyance d\u00e9c\u00e8s et invalidit\u00e9 :<\/strong> pour fournir protection et s\u00e9curit\u00e9 aux ayants droits du salari\u00e9 d\u00e9c\u00e9d\u00e9\/invalide.<\/li><li><strong>Une assurance et un droit au rapatriement :<\/strong> afin de g\u00e9rer efficacement les situations d\u2019urgence li\u00e9es \u00e0 la sant\u00e9 ou \u00e0 la s\u00e9curit\u00e9 de vos collaborateurs. Ce contrat propose des solutions concr\u00e8tes quant \u00e0 l\u2019\u00e9vacuation sanitaire et le rapatriement des salari\u00e9s et de leur famille en cas d\u2019impr\u00e9vu.<\/li><\/ul>\n\n\n\n<ul class=\"wp-block-list\"><li><strong>Une garantie de responsabilit\u00e9 civile priv\u00e9e : <\/strong>pour prot\u00e9ger vos collaborateurs et leur famille. Prot\u00e8ge contre les cons\u00e9quences dommages caus\u00e9s \u00e0 autrui de fa\u00e7on intentionnelle dans le cadre non-professionnel.<\/li><\/ul>\n\n\n\n<p>D\u00e9couvrez <a href=\"https:\/\/ambrelia.com\/offres-entreprise\/\">l\u2019offre compl\u00e8te d\u2019Ambrelia <\/a>pour garantir \u00e0 vos collaborateurs une protection optimale et compl\u00e8te.<\/p>\n\n\n\n<p><br><\/p>\n\n\n\n<figure class=\"wp-block-embed is-type-video is-provider-youtube wp-block-embed-youtube wp-embed-aspect-16-9 wp-has-aspect-ratio\"><div class=\"wp-block-embed__wrapper\">\n<iframe loading=\"lazy\" title=\"Pr\u00e9sentation Ambrelia\" width=\"1080\" height=\"608\" src=\"https:\/\/www.youtube.com\/embed\/jqb8i-kdYkE?start=4&#038;feature=oembed\"  allow=\"accelerometer; autoplay; clipboard-write; encrypted-media; gyroscope; picture-in-picture; web-share\" referrerpolicy=\"strict-origin-when-cross-origin\" allowfullscreen><\/iframe>\n<\/div><\/figure>\n\n\n<ul class=\"wp-block-latest-posts__list wp-block-latest-posts\"><li><a class=\"wp-block-latest-posts__post-title\" href=\"https:\/\/ambrelia.com\/fr\/2026\/04\/assurance-kr-proteger-les-entreprises-et-leurs-collaborateurs-face-aux-risques-denlevement\/\">Assurance K&amp;R : prot\u00e9ger les entreprises et leurs collaborateurs face aux risques d\u2019enl\u00e8vement<\/a><\/li>\n<li><a class=\"wp-block-latest-posts__post-title\" href=\"https:\/\/ambrelia.com\/fr\/2026\/04\/risques-a-linternational-en-2026\/\">Risques \u00e0 l\u2019international en 2026<\/a><\/li>\n<li><a class=\"wp-block-latest-posts__post-title\" href=\"https:\/\/ambrelia.com\/fr\/2026\/04\/pourquoi-prendre-une-assurance-rapatriement-lorsque-lon-part\/\">Pourquoi prendre une assurance rapatriement lorsque l\u2019on part en mission \u00e0 l\u2019\u00e9tranger ?<\/a><\/li>\n<li><a class=\"wp-block-latest-posts__post-title\" href=\"https:\/\/ambrelia.com\/fr\/2026\/04\/retrouvez-nous-a-la-conference-gisf-2026-a-londres\/\">Retrouvez-nous \u00e0 la conf\u00e9rence GISF 2026 \u00e0 Londres !<\/a><\/li>\n<li><a class=\"wp-block-latest-posts__post-title\" href=\"https:\/\/ambrelia.com\/fr\/2026\/04\/expatries-a-linternational-quels-types-dassurances\/\">Expatri\u00e9s \u00e0 l\u2019international : quels types d\u2019assurances pour s\u00e9curiser les collaborateurs des entreprises ?<\/a><\/li>\n<\/ul>\n\n\n<p><\/p>\n","protected":false},"excerpt":{"rendered":"<p>La s\u00e9curit\u00e9 sociale fran\u00e7aise garantit \u00e0 vos employ\u00e9s une prise en charge quasi-compl\u00e8te. C\u2019est pourtant loin d\u2019\u00eatre le cas hors-territoire. En effet, les frais m\u00e9dicaux peuvent s\u2019av\u00e9rer tr\u00e8s \u00e9lev\u00e9s (aux Etats-Unis par exemple) et peser dans la balance. En cas de d\u00e9placement professionnel, un d\u00e9tachement ou d\u2019expatriation, quelle couverture sociale \u00e0 l\u2019\u00e9tranger est la plus [&hellip;]<\/p>\n","protected":false},"author":24,"featured_media":21425,"comment_status":"closed","ping_status":"closed","sticky":false,"template":"","format":"standard","meta":{"_et_pb_use_builder":"","_et_pb_old_content":"","_et_gb_content_width":"","footnotes":""},"categories":[49],"tags":[],"dipi_cpt_category":[],"class_list":["post-21423","post","type-post","status-publish","format-standard","has-post-thumbnail","hentry","category-non-classe"],"yoast_head":"<!-- This site is optimized with the Yoast SEO plugin v27.4 - https:\/\/yoast.com\/product\/yoast-seo-wordpress\/ -->\n<title>Quelle couverture sociale \u00e0 l\u2019\u00e9tranger envisager pour vos employ\u00e9s ?<\/title>\n<meta name=\"description\" content=\"En cas de d\u00e9placement professionnel, un d\u00e9tachement ou d\u2019expatriation, quelle couverture sociale \u00e0 l\u2019\u00e9tranger est la plus adapt\u00e9e \u00e0 vos collaborateurs ?\" \/>\n<meta name=\"robots\" content=\"index, follow, max-snippet:-1, max-image-preview:large, max-video-preview:-1\" \/>\n<link rel=\"canonical\" href=\"https:\/\/ambrelia.com\/fr\/2019\/03\/quelle-couverture-sociale-a-letranger-envisager-pour-vos-employes\/\" \/>\n<meta property=\"og:locale\" content=\"fr_FR\" \/>\n<meta property=\"og:type\" content=\"article\" \/>\n<meta property=\"og:title\" content=\"Quelle couverture sociale \u00e0 l\u2019\u00e9tranger envisager pour vos employ\u00e9s ?\" \/>\n<meta property=\"og:description\" content=\"En cas de d\u00e9placement professionnel, un d\u00e9tachement ou d\u2019expatriation, quelle couverture sociale \u00e0 l\u2019\u00e9tranger est la plus adapt\u00e9e \u00e0 vos collaborateurs ?\" \/>\n<meta property=\"og:url\" content=\"https:\/\/ambrelia.com\/fr\/2019\/03\/quelle-couverture-sociale-a-letranger-envisager-pour-vos-employes\/\" \/>\n<meta property=\"og:site_name\" content=\"Ambrelia\" \/>\n<meta property=\"article:published_time\" content=\"2019-03-22T14:37:23+00:00\" \/>\n<meta property=\"article:modified_time\" content=\"2024-10-08T07:01:24+00:00\" \/>\n<meta property=\"og:image\" content=\"https:\/\/ambrelia.com\/wp-content\/uploads\/2019\/03\/zhen-hu-340739-unsplash.jpg\" \/>\n\t<meta property=\"og:image:width\" content=\"1800\" \/>\n\t<meta property=\"og:image:height\" content=\"1202\" \/>\n\t<meta property=\"og:image:type\" content=\"image\/jpeg\" \/>\n<meta name=\"author\" content=\"Lucas\" \/>\n<meta name=\"twitter:card\" content=\"summary_large_image\" \/>\n<meta name=\"twitter:label1\" content=\"\u00c9crit par\" \/>\n\t<meta name=\"twitter:data1\" content=\"Lucas\" \/>\n\t<meta name=\"twitter:label2\" content=\"Dur\u00e9e de lecture estim\u00e9e\" \/>\n\t<meta name=\"twitter:data2\" content=\"3 minutes\" \/>\n<script type=\"application\/ld+json\" class=\"yoast-schema-graph\">{\"@context\":\"https:\\\/\\\/schema.org\",\"@graph\":[{\"@type\":\"Article\",\"@id\":\"https:\\\/\\\/ambrelia.com\\\/fr\\\/2019\\\/03\\\/quelle-couverture-sociale-a-letranger-envisager-pour-vos-employes\\\/#article\",\"isPartOf\":{\"@id\":\"https:\\\/\\\/ambrelia.com\\\/fr\\\/2019\\\/03\\\/quelle-couverture-sociale-a-letranger-envisager-pour-vos-employes\\\/\"},\"author\":{\"name\":\"Lucas\",\"@id\":\"https:\\\/\\\/ambrelia.com\\\/fr\\\/#\\\/schema\\\/person\\\/48dbdeb7f7a6fff5a7cb15bc24d5e0d8\"},\"headline\":\"Quelle couverture sociale \u00e0 l\u2019\u00e9tranger envisager pour vos employ\u00e9s ?\",\"datePublished\":\"2019-03-22T14:37:23+00:00\",\"dateModified\":\"2024-10-08T07:01:24+00:00\",\"mainEntityOfPage\":{\"@id\":\"https:\\\/\\\/ambrelia.com\\\/fr\\\/2019\\\/03\\\/quelle-couverture-sociale-a-letranger-envisager-pour-vos-employes\\\/\"},\"wordCount\":643,\"image\":{\"@id\":\"https:\\\/\\\/ambrelia.com\\\/fr\\\/2019\\\/03\\\/quelle-couverture-sociale-a-letranger-envisager-pour-vos-employes\\\/#primaryimage\"},\"thumbnailUrl\":\"https:\\\/\\\/ambrelia.com\\\/wp-content\\\/uploads\\\/2019\\\/03\\\/zhen-hu-340739-unsplash.jpg\",\"inLanguage\":\"fr-FR\"},{\"@type\":\"WebPage\",\"@id\":\"https:\\\/\\\/ambrelia.com\\\/fr\\\/2019\\\/03\\\/quelle-couverture-sociale-a-letranger-envisager-pour-vos-employes\\\/\",\"url\":\"https:\\\/\\\/ambrelia.com\\\/fr\\\/2019\\\/03\\\/quelle-couverture-sociale-a-letranger-envisager-pour-vos-employes\\\/\",\"name\":\"Quelle couverture sociale \u00e0 l\u2019\u00e9tranger envisager pour vos employ\u00e9s ?\",\"isPartOf\":{\"@id\":\"https:\\\/\\\/ambrelia.com\\\/fr\\\/#website\"},\"primaryImageOfPage\":{\"@id\":\"https:\\\/\\\/ambrelia.com\\\/fr\\\/2019\\\/03\\\/quelle-couverture-sociale-a-letranger-envisager-pour-vos-employes\\\/#primaryimage\"},\"image\":{\"@id\":\"https:\\\/\\\/ambrelia.com\\\/fr\\\/2019\\\/03\\\/quelle-couverture-sociale-a-letranger-envisager-pour-vos-employes\\\/#primaryimage\"},\"thumbnailUrl\":\"https:\\\/\\\/ambrelia.com\\\/wp-content\\\/uploads\\\/2019\\\/03\\\/zhen-hu-340739-unsplash.jpg\",\"datePublished\":\"2019-03-22T14:37:23+00:00\",\"dateModified\":\"2024-10-08T07:01:24+00:00\",\"author\":{\"@id\":\"https:\\\/\\\/ambrelia.com\\\/fr\\\/#\\\/schema\\\/person\\\/48dbdeb7f7a6fff5a7cb15bc24d5e0d8\"},\"description\":\"En cas de d\u00e9placement professionnel, un d\u00e9tachement ou d\u2019expatriation, quelle couverture sociale \u00e0 l\u2019\u00e9tranger est la plus adapt\u00e9e \u00e0 vos collaborateurs ?\",\"breadcrumb\":{\"@id\":\"https:\\\/\\\/ambrelia.com\\\/fr\\\/2019\\\/03\\\/quelle-couverture-sociale-a-letranger-envisager-pour-vos-employes\\\/#breadcrumb\"},\"inLanguage\":\"fr-FR\",\"potentialAction\":[{\"@type\":\"ReadAction\",\"target\":[\"https:\\\/\\\/ambrelia.com\\\/fr\\\/2019\\\/03\\\/quelle-couverture-sociale-a-letranger-envisager-pour-vos-employes\\\/\"]}]},{\"@type\":\"ImageObject\",\"inLanguage\":\"fr-FR\",\"@id\":\"https:\\\/\\\/ambrelia.com\\\/fr\\\/2019\\\/03\\\/quelle-couverture-sociale-a-letranger-envisager-pour-vos-employes\\\/#primaryimage\",\"url\":\"https:\\\/\\\/ambrelia.com\\\/wp-content\\\/uploads\\\/2019\\\/03\\\/zhen-hu-340739-unsplash.jpg\",\"contentUrl\":\"https:\\\/\\\/ambrelia.com\\\/wp-content\\\/uploads\\\/2019\\\/03\\\/zhen-hu-340739-unsplash.jpg\",\"width\":1800,\"height\":1202,\"caption\":\"couverture sociale \u00e0 l\u2019\u00e9tranger\"},{\"@type\":\"BreadcrumbList\",\"@id\":\"https:\\\/\\\/ambrelia.com\\\/fr\\\/2019\\\/03\\\/quelle-couverture-sociale-a-letranger-envisager-pour-vos-employes\\\/#breadcrumb\",\"itemListElement\":[{\"@type\":\"ListItem\",\"position\":1,\"name\":\"Accueil\",\"item\":\"https:\\\/\\\/ambrelia.com\\\/fr\\\/\"},{\"@type\":\"ListItem\",\"position\":2,\"name\":\"Quelle couverture sociale \u00e0 l\u2019\u00e9tranger envisager pour vos employ\u00e9s ?\"}]},{\"@type\":\"WebSite\",\"@id\":\"https:\\\/\\\/ambrelia.com\\\/fr\\\/#website\",\"url\":\"https:\\\/\\\/ambrelia.com\\\/fr\\\/\",\"name\":\"Ambrelia\",\"description\":\"\",\"potentialAction\":[{\"@type\":\"SearchAction\",\"target\":{\"@type\":\"EntryPoint\",\"urlTemplate\":\"https:\\\/\\\/ambrelia.com\\\/fr\\\/?s={search_term_string}\"},\"query-input\":{\"@type\":\"PropertyValueSpecification\",\"valueRequired\":true,\"valueName\":\"search_term_string\"}}],\"inLanguage\":\"fr-FR\"},{\"@type\":\"Person\",\"@id\":\"https:\\\/\\\/ambrelia.com\\\/fr\\\/#\\\/schema\\\/person\\\/48dbdeb7f7a6fff5a7cb15bc24d5e0d8\",\"name\":\"Lucas\",\"image\":{\"@type\":\"ImageObject\",\"inLanguage\":\"fr-FR\",\"@id\":\"https:\\\/\\\/secure.gravatar.com\\\/avatar\\\/50afe7988071d6a6f1f18d9ea70392c32d66d2994c451dbd1319f7208fd40802?s=96&d=mm&r=g\",\"url\":\"https:\\\/\\\/secure.gravatar.com\\\/avatar\\\/50afe7988071d6a6f1f18d9ea70392c32d66d2994c451dbd1319f7208fd40802?s=96&d=mm&r=g\",\"contentUrl\":\"https:\\\/\\\/secure.gravatar.com\\\/avatar\\\/50afe7988071d6a6f1f18d9ea70392c32d66d2994c451dbd1319f7208fd40802?s=96&d=mm&r=g\",\"caption\":\"Lucas\"}}]}<\/script>\n<!-- \/ Yoast SEO plugin. -->","yoast_head_json":{"title":"Quelle couverture sociale \u00e0 l\u2019\u00e9tranger envisager pour vos employ\u00e9s ?","description":"En cas de d\u00e9placement professionnel, un d\u00e9tachement ou d\u2019expatriation, quelle couverture sociale \u00e0 l\u2019\u00e9tranger est la plus adapt\u00e9e \u00e0 vos collaborateurs ?","robots":{"index":"index","follow":"follow","max-snippet":"max-snippet:-1","max-image-preview":"max-image-preview:large","max-video-preview":"max-video-preview:-1"},"canonical":"https:\/\/ambrelia.com\/fr\/2019\/03\/quelle-couverture-sociale-a-letranger-envisager-pour-vos-employes\/","og_locale":"fr_FR","og_type":"article","og_title":"Quelle couverture sociale \u00e0 l\u2019\u00e9tranger envisager pour vos employ\u00e9s ?","og_description":"En cas de d\u00e9placement professionnel, un d\u00e9tachement ou d\u2019expatriation, quelle couverture sociale \u00e0 l\u2019\u00e9tranger est la plus adapt\u00e9e \u00e0 vos collaborateurs ?","og_url":"https:\/\/ambrelia.com\/fr\/2019\/03\/quelle-couverture-sociale-a-letranger-envisager-pour-vos-employes\/","og_site_name":"Ambrelia","article_published_time":"2019-03-22T14:37:23+00:00","article_modified_time":"2024-10-08T07:01:24+00:00","og_image":[{"width":1800,"height":1202,"url":"https:\/\/ambrelia.com\/wp-content\/uploads\/2019\/03\/zhen-hu-340739-unsplash.jpg","type":"image\/jpeg"}],"author":"Lucas","twitter_card":"summary_large_image","twitter_misc":{"\u00c9crit par":"Lucas","Dur\u00e9e de lecture estim\u00e9e":"3 minutes"},"schema":{"@context":"https:\/\/schema.org","@graph":[{"@type":"Article","@id":"https:\/\/ambrelia.com\/fr\/2019\/03\/quelle-couverture-sociale-a-letranger-envisager-pour-vos-employes\/#article","isPartOf":{"@id":"https:\/\/ambrelia.com\/fr\/2019\/03\/quelle-couverture-sociale-a-letranger-envisager-pour-vos-employes\/"},"author":{"name":"Lucas","@id":"https:\/\/ambrelia.com\/fr\/#\/schema\/person\/48dbdeb7f7a6fff5a7cb15bc24d5e0d8"},"headline":"Quelle couverture sociale \u00e0 l\u2019\u00e9tranger envisager pour vos employ\u00e9s ?","datePublished":"2019-03-22T14:37:23+00:00","dateModified":"2024-10-08T07:01:24+00:00","mainEntityOfPage":{"@id":"https:\/\/ambrelia.com\/fr\/2019\/03\/quelle-couverture-sociale-a-letranger-envisager-pour-vos-employes\/"},"wordCount":643,"image":{"@id":"https:\/\/ambrelia.com\/fr\/2019\/03\/quelle-couverture-sociale-a-letranger-envisager-pour-vos-employes\/#primaryimage"},"thumbnailUrl":"https:\/\/ambrelia.com\/wp-content\/uploads\/2019\/03\/zhen-hu-340739-unsplash.jpg","inLanguage":"fr-FR"},{"@type":"WebPage","@id":"https:\/\/ambrelia.com\/fr\/2019\/03\/quelle-couverture-sociale-a-letranger-envisager-pour-vos-employes\/","url":"https:\/\/ambrelia.com\/fr\/2019\/03\/quelle-couverture-sociale-a-letranger-envisager-pour-vos-employes\/","name":"Quelle couverture sociale \u00e0 l\u2019\u00e9tranger envisager pour vos employ\u00e9s ?","isPartOf":{"@id":"https:\/\/ambrelia.com\/fr\/#website"},"primaryImageOfPage":{"@id":"https:\/\/ambrelia.com\/fr\/2019\/03\/quelle-couverture-sociale-a-letranger-envisager-pour-vos-employes\/#primaryimage"},"image":{"@id":"https:\/\/ambrelia.com\/fr\/2019\/03\/quelle-couverture-sociale-a-letranger-envisager-pour-vos-employes\/#primaryimage"},"thumbnailUrl":"https:\/\/ambrelia.com\/wp-content\/uploads\/2019\/03\/zhen-hu-340739-unsplash.jpg","datePublished":"2019-03-22T14:37:23+00:00","dateModified":"2024-10-08T07:01:24+00:00","author":{"@id":"https:\/\/ambrelia.com\/fr\/#\/schema\/person\/48dbdeb7f7a6fff5a7cb15bc24d5e0d8"},"description":"En cas de d\u00e9placement professionnel, un d\u00e9tachement ou d\u2019expatriation, quelle couverture sociale \u00e0 l\u2019\u00e9tranger est la plus adapt\u00e9e \u00e0 vos collaborateurs ?","breadcrumb":{"@id":"https:\/\/ambrelia.com\/fr\/2019\/03\/quelle-couverture-sociale-a-letranger-envisager-pour-vos-employes\/#breadcrumb"},"inLanguage":"fr-FR","potentialAction":[{"@type":"ReadAction","target":["https:\/\/ambrelia.com\/fr\/2019\/03\/quelle-couverture-sociale-a-letranger-envisager-pour-vos-employes\/"]}]},{"@type":"ImageObject","inLanguage":"fr-FR","@id":"https:\/\/ambrelia.com\/fr\/2019\/03\/quelle-couverture-sociale-a-letranger-envisager-pour-vos-employes\/#primaryimage","url":"https:\/\/ambrelia.com\/wp-content\/uploads\/2019\/03\/zhen-hu-340739-unsplash.jpg","contentUrl":"https:\/\/ambrelia.com\/wp-content\/uploads\/2019\/03\/zhen-hu-340739-unsplash.jpg","width":1800,"height":1202,"caption":"couverture sociale \u00e0 l\u2019\u00e9tranger"},{"@type":"BreadcrumbList","@id":"https:\/\/ambrelia.com\/fr\/2019\/03\/quelle-couverture-sociale-a-letranger-envisager-pour-vos-employes\/#breadcrumb","itemListElement":[{"@type":"ListItem","position":1,"name":"Accueil","item":"https:\/\/ambrelia.com\/fr\/"},{"@type":"ListItem","position":2,"name":"Quelle couverture sociale \u00e0 l\u2019\u00e9tranger envisager pour vos employ\u00e9s ?"}]},{"@type":"WebSite","@id":"https:\/\/ambrelia.com\/fr\/#website","url":"https:\/\/ambrelia.com\/fr\/","name":"Ambrelia","description":"","potentialAction":[{"@type":"SearchAction","target":{"@type":"EntryPoint","urlTemplate":"https:\/\/ambrelia.com\/fr\/?s={search_term_string}"},"query-input":{"@type":"PropertyValueSpecification","valueRequired":true,"valueName":"search_term_string"}}],"inLanguage":"fr-FR"},{"@type":"Person","@id":"https:\/\/ambrelia.com\/fr\/#\/schema\/person\/48dbdeb7f7a6fff5a7cb15bc24d5e0d8","name":"Lucas","image":{"@type":"ImageObject","inLanguage":"fr-FR","@id":"https:\/\/secure.gravatar.com\/avatar\/50afe7988071d6a6f1f18d9ea70392c32d66d2994c451dbd1319f7208fd40802?s=96&d=mm&r=g","url":"https:\/\/secure.gravatar.com\/avatar\/50afe7988071d6a6f1f18d9ea70392c32d66d2994c451dbd1319f7208fd40802?s=96&d=mm&r=g","contentUrl":"https:\/\/secure.gravatar.com\/avatar\/50afe7988071d6a6f1f18d9ea70392c32d66d2994c451dbd1319f7208fd40802?s=96&d=mm&r=g","caption":"Lucas"}}]}},"_links":{"self":[{"href":"https:\/\/ambrelia.com\/fr\/wp-json\/wp\/v2\/posts\/21423","targetHints":{"allow":["GET"]}}],"collection":[{"href":"https:\/\/ambrelia.com\/fr\/wp-json\/wp\/v2\/posts"}],"about":[{"href":"https:\/\/ambrelia.com\/fr\/wp-json\/wp\/v2\/types\/post"}],"author":[{"embeddable":true,"href":"https:\/\/ambrelia.com\/fr\/wp-json\/wp\/v2\/users\/24"}],"replies":[{"embeddable":true,"href":"https:\/\/ambrelia.com\/fr\/wp-json\/wp\/v2\/comments?post=21423"}],"version-history":[{"count":1,"href":"https:\/\/ambrelia.com\/fr\/wp-json\/wp\/v2\/posts\/21423\/revisions"}],"predecessor-version":[{"id":17229253,"href":"https:\/\/ambrelia.com\/fr\/wp-json\/wp\/v2\/posts\/21423\/revisions\/17229253"}],"wp:featuredmedia":[{"embeddable":true,"href":"https:\/\/ambrelia.com\/fr\/wp-json\/wp\/v2\/media\/21425"}],"wp:attachment":[{"href":"https:\/\/ambrelia.com\/fr\/wp-json\/wp\/v2\/media?parent=21423"}],"wp:term":[{"taxonomy":"category","embeddable":true,"href":"https:\/\/ambrelia.com\/fr\/wp-json\/wp\/v2\/categories?post=21423"},{"taxonomy":"post_tag","embeddable":true,"href":"https:\/\/ambrelia.com\/fr\/wp-json\/wp\/v2\/tags?post=21423"},{"taxonomy":"dipi_cpt_category","embeddable":true,"href":"https:\/\/ambrelia.com\/fr\/wp-json\/wp\/v2\/dipi_cpt_category?post=21423"}],"curies":[{"name":"wp","href":"https:\/\/api.w.org\/{rel}","templated":true}]}}