{"id":32006,"date":"2020-05-18T09:15:56","date_gmt":"2020-05-18T07:15:56","guid":{"rendered":"https:\/\/ambrelia.com\/?p=32006"},"modified":"2024-10-08T06:56:54","modified_gmt":"2024-10-08T06:56:54","slug":"quels-profils-sont-les-plus-recherches-par-les-ong","status":"publish","type":"post","link":"https:\/\/ambrelia.com\/fr\/2020\/05\/quels-profils-sont-les-plus-recherches-par-les-ong\/","title":{"rendered":"Quels profils sont les plus recherch\u00e9s par les ONG ?"},"content":{"rendered":"\n<p class=\"has-medium-font-size\">Alors que de nombreuses personnes sont attir\u00e9es par le secteur de l\u2019humanitaire, travailler pour les ONG est plus difficile qu\u2019on ne le pense. <\/p>\n\n\n\n<p class=\"has-medium-font-size\">De plus en plus sp\u00e9cialis\u00e9es, ces associations sont \u00e0 la recherche de professionnels ayant une connaissance de l\u2019internationale et une v\u00e9ritable exp\u00e9rience de terrain.<br>Pour vous, nous faisons le point sur ces profils tr\u00e8s recherch\u00e9s par les ONG.<\/p>\n\n\n\n<h2 class=\"wp-block-heading\">Les ONG en bref <\/h2>\n\n\n\n<p class=\"has-medium-font-size\">Les ONG sont des organisations \u00e0 vocation humanitaire essentiellement financ\u00e9es par des dons priv\u00e9s et par des bailleurs institutionnels. <\/p>\n\n\n\n<p class=\"has-medium-font-size\">D&rsquo;int\u00e9r\u00eat public, les ONG sont <strong>ind\u00e9pendantes des autorit\u00e9s politiques<\/strong> et ont une <strong>vision universaliste<\/strong>. Elles agissent principalement dans les pays les plus pauvres, en guerre ou victimes de catastrophes sur des <strong>activit\u00e9s multiples<\/strong> : assistance m\u00e9dicale, assistance technique, secours, aide aux plus d\u00e9munis\u2026 <\/p>\n\n\n\n<p class=\"has-medium-font-size\">Certaines ONG agissent \u00e9galement en faveur des droits de l\u2019Homme ou m\u00eame de l\u2019environnement et de la sant\u00e9. On pense par exemple \u00e0 <a href=\"https:\/\/www.amnesty.fr\/\">Amnesty<\/a>, <a href=\"https:\/\/www.greenpeace.fr\/\">Greenpeace<\/a>, <a href=\"https:\/\/www.medecinsdumonde.org\/fr\">M\u00e9decins du Monde<\/a> ou <a href=\"https:\/\/www.premiere-urgence.org\/\">Premi\u00e8re Urgence Internationale<\/a>.<\/p>\n\n\n\n<p class=\"has-medium-font-size\">On compte aujourd\u2019hui <strong>pr\u00e8s de 30 000 organisations non gouvernementales <\/strong>\u00e0 travers le monde (6 fois plus qu\u2019il y a 30 ans).<\/p>\n\n\n\n<h2 class=\"wp-block-heading\">Travailler pour une ONG : de la motivation mais pas que !<\/h2>\n\n\n\n<p class=\"has-medium-font-size\">Aujourd\u2019hui, de plus en plus de jeunes qui entrent sur le march\u00e9 du travail souhaitent donner un sens \u00e0 leur travail en s\u2019orientant vers le secteur de l\u2019humanitaire. Cette incroyable exp\u00e9rience au sein des organisations humanitaires allie l\u2019envie d\u2019aider, le plaisir de voyager et les convictions personnelles. <\/p>\n\n\n\n<p class=\"has-medium-font-size\">M\u00eame si tr\u00e8s nombreuses dans le monde, les organisations non gouvernementales ont largement \u00e9volu\u00e9 depuis les ann\u00e9es 1980. Si, auparavant, elles acceptaient toutes les bonnes volont\u00e9s et les comp\u00e9tences pour venir en aide aux populations du tiers-monde, les ONG se sont d\u00e9sormais professionnalis\u00e9es. <\/p>\n\n\n\n<p class=\"has-medium-font-size\">Malgr\u00e9 leur statut d\u2019<a href=\"https:\/\/www.associations.gouv.fr\/la-loi-du-1er-juillet-1901-et-la-liberte-d-association.html\">association loi 1901<\/a> en France, les ONG se sont tellement d\u00e9velopp\u00e9es qu\u2019elles recrutent d\u00e9sormais des salari\u00e9s exp\u00e9riment\u00e9s pour coordonner leurs actions sur le terrain et mener les diff\u00e9rents projets \u00e0 travers le monde.<\/p>\n\n\n\n<p class=\"has-medium-font-size\">Plus que jamais, ces associations au statut bien sp\u00e9cial recherchent les comp\u00e9tences sp\u00e9cifiques des professionnels pour r\u00e9pondre \u00e0 des missions tr\u00e8s pr\u00e9cises. Si la <strong>motivation est une qualit\u00e9 essentielle<\/strong> recherch\u00e9e par les recruteurs, une <strong>solide exp\u00e9rience et la ma\u00eetrise de la gestion de projets <\/strong>sont indispensable pour garantir le bon d\u00e9roulement des op\u00e9rations. <\/p>\n\n\n\n<p class=\"has-medium-font-size\">En effet, une fois sur le terrain, les salari\u00e9s des ONG doivent \u00eatre capables de faire face aux situations les plus critiques et avoir les <strong>\u00e9paules solides <\/strong>pour les g\u00e9rer.<\/p>\n\n\n\n<h2 class=\"wp-block-heading\">Les ONG recherchent des profils sp\u00e9cialis\u00e9s<\/h2>\n\n\n\n<p class=\"has-medium-font-size\"><strong>Le secteur des ONG se professionnalise chaque jour un peu plus<\/strong> et les professionnels sp\u00e9cialis\u00e9s dans des domaines particuliers sont tr\u00e8s recherch\u00e9s. <br> Selon les organismes et leurs domaines d\u2019intervention (sant\u00e9, handicap, \u00e9ducation, environnement, droits de l\u2019Homme, etc), les profils recherch\u00e9s varient.<\/p>\n\n\n\n<p class=\"has-medium-font-size\">De nombreuses \u00e9coles sup\u00e9rieures proposent d\u00e9sormais des formations professionnalisantes dans le domaine de l\u2019humanitaire. On peut citer, par exemple, l\u2019ILERI, ESCD 3A, l\u2019IFAID ou encore l\u2019<a href=\"https:\/\/www.institutbioforce.fr\/\">Institut Bioforce<\/a> \u00e0 V\u00e9nissieux.<\/p>\n\n\n\n<p class=\"has-medium-font-size\">Si les ONG qui travaillent sur la sant\u00e9 recherchent des m\u00e9decins, infirmiers, chirurgiens, etc, celles qui travaillent en construction des ing\u00e9nieurs, chefs de chantier, m\u00e9caniciens, etc, les profils plus classiques et administratifs sont aussi tr\u00e8s recherch\u00e9s pour assurer leur fonctionnement.<\/p>\n\n\n\n<h3 class=\"wp-block-heading\"><strong>Les profils techniques et op\u00e9rationnels sur le terrain <\/strong><\/h3>\n\n\n\n<p class=\"has-medium-font-size\">\u00c9videmment, les organisations non gouvernementales sont<strong> \u00e0 la recherche de techniciens tr\u00e8s qualifi\u00e9s<\/strong>, de sp\u00e9cialistes qu\u2019elles peuvent envoyer sur le terrain au contact direct des populations. <\/p>\n\n\n\n<p class=\"has-medium-font-size\">Dans les pays touch\u00e9s par les catastrophes naturelles, elles auront davantage besoin de<strong> secouristes et de m\u00e9decins <\/strong>dans un premier temps. Mais les <strong>ing\u00e9nieurs et chefs de chantier<\/strong> seront tr\u00e8s vite n\u00e9cessaires \u00e0 la reconstruction d\u2019infrastructures avec les populations locales.<\/p>\n\n\n\n<p class=\"has-medium-font-size\">Pour les projets de plus long terme dans les pays en d\u00e9veloppement, l&rsquo;industrialisation, la construction de r\u00e9seaux \u00e9lectriques, d\u2019eau potable, d&rsquo;assainissement ou de traitement des ordures demanderont des profils d\u2019ing\u00e9nieurs mais aussi de <strong>m\u00e9diateurs et formateurs<\/strong> aupr\u00e8s de la population locale.<\/p>\n\n\n\n<p class=\"has-medium-font-size\">Car si les ONG re\u00e7oivent aujourd\u2019hui de nombreux dons pour financer leurs projets humanitaires, particuliers et entreprises attendent que les projets r\u00e9alis\u00e9s perdurent dans le temps. La n\u00e9cessaire formation et l\u2019accompagnement des personnes permettent de p\u00e9renniser ces projets.<\/p>\n\n\n\n<h3 class=\"wp-block-heading\"><strong>Les fonctions support pour faire tourner la machine<\/strong><\/h3>\n\n\n\n<p class=\"has-medium-font-size\">Au-del\u00e0 de ces profils techniques tr\u00e8s recherch\u00e9s pour les actions sur le terrain, ces associations ont de gros besoins dans les si\u00e8ges pour assurer les fonctions support.<\/p>\n\n\n\n<p class=\"has-medium-font-size\">Les <strong>sp\u00e9cialistes du droit et des relations internationales<\/strong> font partie des <strong>profils les plus recherch\u00e9s par les ONG<\/strong> car ils ont une grande connaissance du monde et de la g\u00e9opolitique. Ils sont des atouts pr\u00e9cieux pour piloter les projets et \u00e9tablir les relations avec les diff\u00e9rents pays. <\/p>\n\n\n\n<p class=\"has-medium-font-size\">Par ailleurs, leur connaissance technico-politique du terrain permet de d\u00e9tacher ou d\u2019expatrier leurs salari\u00e9s et b\u00e9n\u00e9voles dans les meilleures conditions.<\/p>\n\n\n\n<p class=\"has-medium-font-size\">D\u2019autres corps de m\u00e9tier sont \u00e9galement indispensables au bon fonctionnement de ces organismes. On pense notamment aux<strong> ressources humaines, aux financiers, aux juristes mais aussi aux communicants<\/strong> qui ont un r\u00f4le majeur dans la promotion des actions men\u00e9es sur le terrain et la collecte de dons.<\/p>\n\n\n\n<p class=\"has-medium-font-size\">Depuis quelques ann\u00e9es, les ONG amorcent une v\u00e9ritable <strong>transformation num\u00e9rique<\/strong> pour pouvoir toucher davantage de donateurs potentiels et mieux faire conna\u00eetre leurs missions. <br> Pour cela, les <strong>profils plus digitaux<\/strong> sont \u00e9galement tr\u00e8s recherch\u00e9s pour assurer leur pr\u00e9sence web : d\u00e9veloppeurs, chefs de projet digital, web marketeurs, sp\u00e9cialistes data\u2026<\/p>\n\n\n\n<h2 class=\"wp-block-heading\">Exp\u00e9rience et engagement<\/h2>\n\n\n\n<p class=\"has-medium-font-size\">Si les profils recherch\u00e9s par les ONG sont tr\u00e8s nombreux et d\u00e9pendent beaucoup de leur mission principale, tout le monde ne peut pas int\u00e9grer ces organismes facilement. <\/p>\n\n\n\n<p class=\"has-medium-font-size\">Une solide exp\u00e9rience de terrain est indispensable pour pouvoir les int\u00e9grer. Pour cela, les longues exp\u00e9riences de b\u00e9n\u00e9volat dans les associations humanitaires ou le <a href=\"https:\/\/www.service-public.fr\/particuliers\/vosdroits\/F11444\">Volontariat de Solidarit\u00e9 Internationale (VSI)<\/a> sont de v\u00e9ritables atouts sur le CV.<\/p>\n\n\n\n<p class=\"has-medium-font-size\">Les volontaires ayant pass\u00e9 12 \u00e0 24 mois \u00e0 l\u2019\u00e9tranger sont en effet mieux pr\u00e9par\u00e9s aux conditions de vie difficiles et ont une exp\u00e9rience solide aupr\u00e8s des populations fragiles.<\/p>\n\n\n\n<p class=\"has-medium-font-size\">Si ces profils sont privil\u00e9gi\u00e9s par les ONG, c\u2019est qu\u2019ils ont la possibilit\u00e9 d\u2019\u00eatre tr\u00e8s vites op\u00e9rationnels sur le terrain et qu\u2019ils sauront ma\u00eetriser la situation sans \u00eatre d\u00e9pass\u00e9s par les \u00e9v\u00e8nements. Car la r\u00e9alit\u00e9 du terrain peut-\u00eatre diff\u00e9rente de l\u2019image que se font les jeunes de l\u2019humanitaire\u2026<\/p>\n\n\n\n<p class=\"has-medium-font-size\">Pour assurer leur s\u00e9curit\u00e9 sur le terrain, les ONG mettent tout en \u0153uvre pour <a href=\"https:\/\/ambrelia.com\/2020\/04\/13\/le-devoir-de-protection-et-ses-impacts-surete\/\">prot\u00e9ger leurs \u00e9quipes<\/a>. Selon les pays, des protections militaires sont organis\u00e9es avec les autorit\u00e9s ou l\u2019ONU. Pour leur sant\u00e9 ou en cas d\u2019accident, les salari\u00e9s sont <a href=\"https:\/\/ambrelia.com\/offres-ong\/\">couverts par des assurances internationales <\/a>qui assurent la prise en charge des soins ou le rapatriement sanitaire. <\/p>\n\n\n\n<div class=\"wp-block-buttons is-layout-flex wp-block-buttons-is-layout-flex\">\n<div class=\"wp-block-button\"><a class=\"wp-block-button__link\" href=\"http:\/\/ambrelia.neocamino.fr\/8382-oui-je-souhaite-etre-contacte-e-pour-decouvrir-votre-offre-assurance-sante-a-l-international?neo_campaign=proposer-un-offre-assurance-sante-a-l-international&amp;neo_medium=click_popup&amp;uuid=5d4bb5a3-80af-4cc1-9c31-c62724540f49\">Contactez-nous pour plus d&rsquo;informations<\/a><\/div>\n<\/div>\n\n\n\n<h2 class=\"wp-block-heading\">Nos derniers articles :<\/h2>\n\n\n<ul class=\"wp-block-latest-posts__list aligncenter wp-block-latest-posts\"><li><a class=\"wp-block-latest-posts__post-title\" href=\"https:\/\/ambrelia.com\/fr\/2026\/04\/assurance-kr-proteger-les-entreprises-et-leurs-collaborateurs-face-aux-risques-denlevement\/\">Assurance K&amp;R : prot\u00e9ger les entreprises et leurs collaborateurs face aux risques d\u2019enl\u00e8vement<\/a><\/li>\n<li><a class=\"wp-block-latest-posts__post-title\" href=\"https:\/\/ambrelia.com\/fr\/2026\/04\/risques-a-linternational-en-2026\/\">Risques \u00e0 l\u2019international en 2026<\/a><\/li>\n<li><a class=\"wp-block-latest-posts__post-title\" href=\"https:\/\/ambrelia.com\/fr\/2026\/04\/pourquoi-prendre-une-assurance-rapatriement-lorsque-lon-part\/\">Pourquoi prendre une assurance rapatriement lorsque l\u2019on part en mission \u00e0 l\u2019\u00e9tranger ?<\/a><\/li>\n<li><a class=\"wp-block-latest-posts__post-title\" href=\"https:\/\/ambrelia.com\/fr\/2026\/04\/retrouvez-nous-a-la-conference-gisf-2026-a-londres\/\">Retrouvez-nous \u00e0 la conf\u00e9rence GISF 2026 \u00e0 Londres !<\/a><\/li>\n<li><a class=\"wp-block-latest-posts__post-title\" href=\"https:\/\/ambrelia.com\/fr\/2026\/04\/expatries-a-linternational-quels-types-dassurances\/\">Expatri\u00e9s \u00e0 l\u2019international : quels types d\u2019assurances pour s\u00e9curiser les collaborateurs des entreprises ?<\/a><\/li>\n<\/ul>\n\n\n<p><\/p>\n","protected":false},"excerpt":{"rendered":"<p>Alors que de nombreuses personnes sont attir\u00e9es par le secteur de l\u2019humanitaire, travailler pour les ONG est plus difficile qu\u2019on ne le pense. De plus en plus sp\u00e9cialis\u00e9es, ces associations sont \u00e0 la recherche de professionnels ayant une connaissance de l\u2019internationale et une v\u00e9ritable exp\u00e9rience de terrain.Pour vous, nous faisons le point sur ces profils [&hellip;]<\/p>\n","protected":false},"author":24,"featured_media":32009,"comment_status":"closed","ping_status":"closed","sticky":false,"template":"","format":"standard","meta":{"_et_pb_use_builder":"","_et_pb_old_content":"","_et_gb_content_width":"","footnotes":""},"categories":[49],"tags":[],"dipi_cpt_category":[],"class_list":["post-32006","post","type-post","status-publish","format-standard","has-post-thumbnail","hentry","category-non-classe"],"yoast_head":"<!-- This site is optimized with the Yoast SEO plugin v27.4 - https:\/\/yoast.com\/product\/yoast-seo-wordpress\/ -->\n<title>Quels profils sont les plus recherch\u00e9s par les ONG ? - Ambrelia<\/title>\n<meta name=\"description\" content=\"Travailler dans le secteur humanitaire requiert une solide exp\u00e9rience et de nombreuses comp\u00e9tences. Voici les profils recherch\u00e9s par les ONG.\" \/>\n<meta name=\"robots\" content=\"index, follow, max-snippet:-1, max-image-preview:large, max-video-preview:-1\" \/>\n<link rel=\"canonical\" href=\"https:\/\/ambrelia.com\/fr\/2020\/05\/quels-profils-sont-les-plus-recherches-par-les-ong\/\" \/>\n<meta property=\"og:locale\" content=\"fr_FR\" \/>\n<meta property=\"og:type\" content=\"article\" \/>\n<meta property=\"og:title\" content=\"Quels profils sont les plus recherch\u00e9s par les ONG ? - Ambrelia\" \/>\n<meta property=\"og:description\" content=\"Travailler dans le secteur humanitaire requiert une solide exp\u00e9rience et de nombreuses comp\u00e9tences. Voici les profils recherch\u00e9s par les ONG.\" \/>\n<meta property=\"og:url\" content=\"https:\/\/ambrelia.com\/fr\/2020\/05\/quels-profils-sont-les-plus-recherches-par-les-ong\/\" \/>\n<meta property=\"og:site_name\" content=\"Ambrelia\" \/>\n<meta property=\"article:published_time\" content=\"2020-05-18T07:15:56+00:00\" \/>\n<meta property=\"article:modified_time\" content=\"2024-10-08T06:56:54+00:00\" \/>\n<meta property=\"og:image\" content=\"https:\/\/ambrelia.com\/wp-content\/uploads\/2020\/05\/profils-recherches-ong.jpg\" \/>\n\t<meta property=\"og:image:width\" content=\"1800\" \/>\n\t<meta property=\"og:image:height\" content=\"1013\" \/>\n\t<meta property=\"og:image:type\" content=\"image\/jpeg\" \/>\n<meta name=\"author\" content=\"Lucas\" \/>\n<meta name=\"twitter:card\" content=\"summary_large_image\" \/>\n<meta name=\"twitter:label1\" content=\"\u00c9crit par\" \/>\n\t<meta name=\"twitter:data1\" content=\"Lucas\" \/>\n\t<meta name=\"twitter:label2\" content=\"Dur\u00e9e de lecture estim\u00e9e\" \/>\n\t<meta name=\"twitter:data2\" content=\"5 minutes\" \/>\n<script type=\"application\/ld+json\" class=\"yoast-schema-graph\">{\"@context\":\"https:\\\/\\\/schema.org\",\"@graph\":[{\"@type\":\"Article\",\"@id\":\"https:\\\/\\\/ambrelia.com\\\/fr\\\/2020\\\/05\\\/quels-profils-sont-les-plus-recherches-par-les-ong\\\/#article\",\"isPartOf\":{\"@id\":\"https:\\\/\\\/ambrelia.com\\\/fr\\\/2020\\\/05\\\/quels-profils-sont-les-plus-recherches-par-les-ong\\\/\"},\"author\":{\"name\":\"Lucas\",\"@id\":\"https:\\\/\\\/ambrelia.com\\\/fr\\\/#\\\/schema\\\/person\\\/48dbdeb7f7a6fff5a7cb15bc24d5e0d8\"},\"headline\":\"Quels profils sont les plus recherch\u00e9s par les ONG ?\",\"datePublished\":\"2020-05-18T07:15:56+00:00\",\"dateModified\":\"2024-10-08T06:56:54+00:00\",\"mainEntityOfPage\":{\"@id\":\"https:\\\/\\\/ambrelia.com\\\/fr\\\/2020\\\/05\\\/quels-profils-sont-les-plus-recherches-par-les-ong\\\/\"},\"wordCount\":1238,\"image\":{\"@id\":\"https:\\\/\\\/ambrelia.com\\\/fr\\\/2020\\\/05\\\/quels-profils-sont-les-plus-recherches-par-les-ong\\\/#primaryimage\"},\"thumbnailUrl\":\"https:\\\/\\\/ambrelia.com\\\/wp-content\\\/uploads\\\/2020\\\/05\\\/profils-recherches-ong.jpg\",\"inLanguage\":\"fr-FR\"},{\"@type\":\"WebPage\",\"@id\":\"https:\\\/\\\/ambrelia.com\\\/fr\\\/2020\\\/05\\\/quels-profils-sont-les-plus-recherches-par-les-ong\\\/\",\"url\":\"https:\\\/\\\/ambrelia.com\\\/fr\\\/2020\\\/05\\\/quels-profils-sont-les-plus-recherches-par-les-ong\\\/\",\"name\":\"Quels profils sont les plus recherch\u00e9s par les ONG ? - Ambrelia\",\"isPartOf\":{\"@id\":\"https:\\\/\\\/ambrelia.com\\\/fr\\\/#website\"},\"primaryImageOfPage\":{\"@id\":\"https:\\\/\\\/ambrelia.com\\\/fr\\\/2020\\\/05\\\/quels-profils-sont-les-plus-recherches-par-les-ong\\\/#primaryimage\"},\"image\":{\"@id\":\"https:\\\/\\\/ambrelia.com\\\/fr\\\/2020\\\/05\\\/quels-profils-sont-les-plus-recherches-par-les-ong\\\/#primaryimage\"},\"thumbnailUrl\":\"https:\\\/\\\/ambrelia.com\\\/wp-content\\\/uploads\\\/2020\\\/05\\\/profils-recherches-ong.jpg\",\"datePublished\":\"2020-05-18T07:15:56+00:00\",\"dateModified\":\"2024-10-08T06:56:54+00:00\",\"author\":{\"@id\":\"https:\\\/\\\/ambrelia.com\\\/fr\\\/#\\\/schema\\\/person\\\/48dbdeb7f7a6fff5a7cb15bc24d5e0d8\"},\"description\":\"Travailler dans le secteur humanitaire requiert une solide exp\u00e9rience et de nombreuses comp\u00e9tences. Voici les profils recherch\u00e9s par les ONG.\",\"breadcrumb\":{\"@id\":\"https:\\\/\\\/ambrelia.com\\\/fr\\\/2020\\\/05\\\/quels-profils-sont-les-plus-recherches-par-les-ong\\\/#breadcrumb\"},\"inLanguage\":\"fr-FR\",\"potentialAction\":[{\"@type\":\"ReadAction\",\"target\":[\"https:\\\/\\\/ambrelia.com\\\/fr\\\/2020\\\/05\\\/quels-profils-sont-les-plus-recherches-par-les-ong\\\/\"]}]},{\"@type\":\"ImageObject\",\"inLanguage\":\"fr-FR\",\"@id\":\"https:\\\/\\\/ambrelia.com\\\/fr\\\/2020\\\/05\\\/quels-profils-sont-les-plus-recherches-par-les-ong\\\/#primaryimage\",\"url\":\"https:\\\/\\\/ambrelia.com\\\/wp-content\\\/uploads\\\/2020\\\/05\\\/profils-recherches-ong.jpg\",\"contentUrl\":\"https:\\\/\\\/ambrelia.com\\\/wp-content\\\/uploads\\\/2020\\\/05\\\/profils-recherches-ong.jpg\",\"width\":1800,\"height\":1013,\"caption\":\"4x4 ONG profils recherches\"},{\"@type\":\"BreadcrumbList\",\"@id\":\"https:\\\/\\\/ambrelia.com\\\/fr\\\/2020\\\/05\\\/quels-profils-sont-les-plus-recherches-par-les-ong\\\/#breadcrumb\",\"itemListElement\":[{\"@type\":\"ListItem\",\"position\":1,\"name\":\"Accueil\",\"item\":\"https:\\\/\\\/ambrelia.com\\\/fr\\\/\"},{\"@type\":\"ListItem\",\"position\":2,\"name\":\"Quels profils sont les plus recherch\u00e9s par les ONG ?\"}]},{\"@type\":\"WebSite\",\"@id\":\"https:\\\/\\\/ambrelia.com\\\/fr\\\/#website\",\"url\":\"https:\\\/\\\/ambrelia.com\\\/fr\\\/\",\"name\":\"Ambrelia\",\"description\":\"\",\"potentialAction\":[{\"@type\":\"SearchAction\",\"target\":{\"@type\":\"EntryPoint\",\"urlTemplate\":\"https:\\\/\\\/ambrelia.com\\\/fr\\\/?s={search_term_string}\"},\"query-input\":{\"@type\":\"PropertyValueSpecification\",\"valueRequired\":true,\"valueName\":\"search_term_string\"}}],\"inLanguage\":\"fr-FR\"},{\"@type\":\"Person\",\"@id\":\"https:\\\/\\\/ambrelia.com\\\/fr\\\/#\\\/schema\\\/person\\\/48dbdeb7f7a6fff5a7cb15bc24d5e0d8\",\"name\":\"Lucas\",\"image\":{\"@type\":\"ImageObject\",\"inLanguage\":\"fr-FR\",\"@id\":\"https:\\\/\\\/secure.gravatar.com\\\/avatar\\\/50afe7988071d6a6f1f18d9ea70392c32d66d2994c451dbd1319f7208fd40802?s=96&d=mm&r=g\",\"url\":\"https:\\\/\\\/secure.gravatar.com\\\/avatar\\\/50afe7988071d6a6f1f18d9ea70392c32d66d2994c451dbd1319f7208fd40802?s=96&d=mm&r=g\",\"contentUrl\":\"https:\\\/\\\/secure.gravatar.com\\\/avatar\\\/50afe7988071d6a6f1f18d9ea70392c32d66d2994c451dbd1319f7208fd40802?s=96&d=mm&r=g\",\"caption\":\"Lucas\"}}]}<\/script>\n<!-- \/ Yoast SEO plugin. -->","yoast_head_json":{"title":"Quels profils sont les plus recherch\u00e9s par les ONG ? - Ambrelia","description":"Travailler dans le secteur humanitaire requiert une solide exp\u00e9rience et de nombreuses comp\u00e9tences. Voici les profils recherch\u00e9s par les ONG.","robots":{"index":"index","follow":"follow","max-snippet":"max-snippet:-1","max-image-preview":"max-image-preview:large","max-video-preview":"max-video-preview:-1"},"canonical":"https:\/\/ambrelia.com\/fr\/2020\/05\/quels-profils-sont-les-plus-recherches-par-les-ong\/","og_locale":"fr_FR","og_type":"article","og_title":"Quels profils sont les plus recherch\u00e9s par les ONG ? - Ambrelia","og_description":"Travailler dans le secteur humanitaire requiert une solide exp\u00e9rience et de nombreuses comp\u00e9tences. Voici les profils recherch\u00e9s par les ONG.","og_url":"https:\/\/ambrelia.com\/fr\/2020\/05\/quels-profils-sont-les-plus-recherches-par-les-ong\/","og_site_name":"Ambrelia","article_published_time":"2020-05-18T07:15:56+00:00","article_modified_time":"2024-10-08T06:56:54+00:00","og_image":[{"width":1800,"height":1013,"url":"https:\/\/ambrelia.com\/wp-content\/uploads\/2020\/05\/profils-recherches-ong.jpg","type":"image\/jpeg"}],"author":"Lucas","twitter_card":"summary_large_image","twitter_misc":{"\u00c9crit par":"Lucas","Dur\u00e9e de lecture estim\u00e9e":"5 minutes"},"schema":{"@context":"https:\/\/schema.org","@graph":[{"@type":"Article","@id":"https:\/\/ambrelia.com\/fr\/2020\/05\/quels-profils-sont-les-plus-recherches-par-les-ong\/#article","isPartOf":{"@id":"https:\/\/ambrelia.com\/fr\/2020\/05\/quels-profils-sont-les-plus-recherches-par-les-ong\/"},"author":{"name":"Lucas","@id":"https:\/\/ambrelia.com\/fr\/#\/schema\/person\/48dbdeb7f7a6fff5a7cb15bc24d5e0d8"},"headline":"Quels profils sont les plus recherch\u00e9s par les ONG ?","datePublished":"2020-05-18T07:15:56+00:00","dateModified":"2024-10-08T06:56:54+00:00","mainEntityOfPage":{"@id":"https:\/\/ambrelia.com\/fr\/2020\/05\/quels-profils-sont-les-plus-recherches-par-les-ong\/"},"wordCount":1238,"image":{"@id":"https:\/\/ambrelia.com\/fr\/2020\/05\/quels-profils-sont-les-plus-recherches-par-les-ong\/#primaryimage"},"thumbnailUrl":"https:\/\/ambrelia.com\/wp-content\/uploads\/2020\/05\/profils-recherches-ong.jpg","inLanguage":"fr-FR"},{"@type":"WebPage","@id":"https:\/\/ambrelia.com\/fr\/2020\/05\/quels-profils-sont-les-plus-recherches-par-les-ong\/","url":"https:\/\/ambrelia.com\/fr\/2020\/05\/quels-profils-sont-les-plus-recherches-par-les-ong\/","name":"Quels profils sont les plus recherch\u00e9s par les ONG ? - Ambrelia","isPartOf":{"@id":"https:\/\/ambrelia.com\/fr\/#website"},"primaryImageOfPage":{"@id":"https:\/\/ambrelia.com\/fr\/2020\/05\/quels-profils-sont-les-plus-recherches-par-les-ong\/#primaryimage"},"image":{"@id":"https:\/\/ambrelia.com\/fr\/2020\/05\/quels-profils-sont-les-plus-recherches-par-les-ong\/#primaryimage"},"thumbnailUrl":"https:\/\/ambrelia.com\/wp-content\/uploads\/2020\/05\/profils-recherches-ong.jpg","datePublished":"2020-05-18T07:15:56+00:00","dateModified":"2024-10-08T06:56:54+00:00","author":{"@id":"https:\/\/ambrelia.com\/fr\/#\/schema\/person\/48dbdeb7f7a6fff5a7cb15bc24d5e0d8"},"description":"Travailler dans le secteur humanitaire requiert une solide exp\u00e9rience et de nombreuses comp\u00e9tences. Voici les profils recherch\u00e9s par les ONG.","breadcrumb":{"@id":"https:\/\/ambrelia.com\/fr\/2020\/05\/quels-profils-sont-les-plus-recherches-par-les-ong\/#breadcrumb"},"inLanguage":"fr-FR","potentialAction":[{"@type":"ReadAction","target":["https:\/\/ambrelia.com\/fr\/2020\/05\/quels-profils-sont-les-plus-recherches-par-les-ong\/"]}]},{"@type":"ImageObject","inLanguage":"fr-FR","@id":"https:\/\/ambrelia.com\/fr\/2020\/05\/quels-profils-sont-les-plus-recherches-par-les-ong\/#primaryimage","url":"https:\/\/ambrelia.com\/wp-content\/uploads\/2020\/05\/profils-recherches-ong.jpg","contentUrl":"https:\/\/ambrelia.com\/wp-content\/uploads\/2020\/05\/profils-recherches-ong.jpg","width":1800,"height":1013,"caption":"4x4 ONG profils recherches"},{"@type":"BreadcrumbList","@id":"https:\/\/ambrelia.com\/fr\/2020\/05\/quels-profils-sont-les-plus-recherches-par-les-ong\/#breadcrumb","itemListElement":[{"@type":"ListItem","position":1,"name":"Accueil","item":"https:\/\/ambrelia.com\/fr\/"},{"@type":"ListItem","position":2,"name":"Quels profils sont les plus recherch\u00e9s par les ONG ?"}]},{"@type":"WebSite","@id":"https:\/\/ambrelia.com\/fr\/#website","url":"https:\/\/ambrelia.com\/fr\/","name":"Ambrelia","description":"","potentialAction":[{"@type":"SearchAction","target":{"@type":"EntryPoint","urlTemplate":"https:\/\/ambrelia.com\/fr\/?s={search_term_string}"},"query-input":{"@type":"PropertyValueSpecification","valueRequired":true,"valueName":"search_term_string"}}],"inLanguage":"fr-FR"},{"@type":"Person","@id":"https:\/\/ambrelia.com\/fr\/#\/schema\/person\/48dbdeb7f7a6fff5a7cb15bc24d5e0d8","name":"Lucas","image":{"@type":"ImageObject","inLanguage":"fr-FR","@id":"https:\/\/secure.gravatar.com\/avatar\/50afe7988071d6a6f1f18d9ea70392c32d66d2994c451dbd1319f7208fd40802?s=96&d=mm&r=g","url":"https:\/\/secure.gravatar.com\/avatar\/50afe7988071d6a6f1f18d9ea70392c32d66d2994c451dbd1319f7208fd40802?s=96&d=mm&r=g","contentUrl":"https:\/\/secure.gravatar.com\/avatar\/50afe7988071d6a6f1f18d9ea70392c32d66d2994c451dbd1319f7208fd40802?s=96&d=mm&r=g","caption":"Lucas"}}]}},"_links":{"self":[{"href":"https:\/\/ambrelia.com\/fr\/wp-json\/wp\/v2\/posts\/32006","targetHints":{"allow":["GET"]}}],"collection":[{"href":"https:\/\/ambrelia.com\/fr\/wp-json\/wp\/v2\/posts"}],"about":[{"href":"https:\/\/ambrelia.com\/fr\/wp-json\/wp\/v2\/types\/post"}],"author":[{"embeddable":true,"href":"https:\/\/ambrelia.com\/fr\/wp-json\/wp\/v2\/users\/24"}],"replies":[{"embeddable":true,"href":"https:\/\/ambrelia.com\/fr\/wp-json\/wp\/v2\/comments?post=32006"}],"version-history":[{"count":1,"href":"https:\/\/ambrelia.com\/fr\/wp-json\/wp\/v2\/posts\/32006\/revisions"}],"predecessor-version":[{"id":17229231,"href":"https:\/\/ambrelia.com\/fr\/wp-json\/wp\/v2\/posts\/32006\/revisions\/17229231"}],"wp:featuredmedia":[{"embeddable":true,"href":"https:\/\/ambrelia.com\/fr\/wp-json\/wp\/v2\/media\/32009"}],"wp:attachment":[{"href":"https:\/\/ambrelia.com\/fr\/wp-json\/wp\/v2\/media?parent=32006"}],"wp:term":[{"taxonomy":"category","embeddable":true,"href":"https:\/\/ambrelia.com\/fr\/wp-json\/wp\/v2\/categories?post=32006"},{"taxonomy":"post_tag","embeddable":true,"href":"https:\/\/ambrelia.com\/fr\/wp-json\/wp\/v2\/tags?post=32006"},{"taxonomy":"dipi_cpt_category","embeddable":true,"href":"https:\/\/ambrelia.com\/fr\/wp-json\/wp\/v2\/dipi_cpt_category?post=32006"}],"curies":[{"name":"wp","href":"https:\/\/api.w.org\/{rel}","templated":true}]}}