{"id":37832,"date":"2020-12-30T16:22:00","date_gmt":"2020-12-30T15:22:00","guid":{"rendered":"https:\/\/ambrelia.com\/?p=37832"},"modified":"2025-02-25T15:31:35","modified_gmt":"2025-02-25T15:31:35","slug":"volontariat-international-humanitaire-indispensables-avant-de-partir","status":"publish","type":"post","link":"https:\/\/ambrelia.com\/fr\/2020\/12\/volontariat-international-humanitaire-indispensables-avant-de-partir\/","title":{"rendered":"Volontariat international humanitaire : informations indispensables"},"content":{"rendered":"\n<p>Une mission de <strong>volontariat international humanitaire <\/strong>se pr\u00e9pare un minimum en amont. Il faut non seulement trouver une mission pour laquelle un volontaire est comp\u00e9tent, mais encadrer ce voyage d\u2019un genre particulier.<\/p>\n\n\n\n<p><\/p>\n\n\n\n<h2 class=\"wp-block-heading\">Quels sont les diff\u00e9rents types de d\u00e9part possibles ?<\/h2>\n\n\n\n<p>En France, le volontariat humanitaire s\u2019organise autour de diff\u00e9rents dispositifs. De mani\u00e8re g\u00e9n\u00e9rale, on parle de VIES (Volontariats Internationaux d\u2019\u00c9change et de Solidarit\u00e9). Parmi ces VIES, on retrouve :<br> <\/p>\n\n\n\n<ul class=\"wp-block-list\"><li>le <strong>Volontariat de solidarit\u00e9 internationale (VSI)<\/strong>, et qui fait l\u2019objet d\u2019un contrat ;<\/li><li> le <strong>Volontariat d\u2019Initiation et d\u2019\u00c9change (VIEch)<\/strong>, qui regroupe le Service civique international, le dispositif Jeunesse Solidarit\u00e9 Internationale, le Ville Vie Vacances Solidarit\u00e9 Internationale ;<\/li><li> le <strong>Volontariat d\u2019\u00e9change et de comp\u00e9tence (VEC)<\/strong>, qui regroupe le CSI (cong\u00e9 de solidarit\u00e9 internationale) ou les missions pour les seniors.<\/li><\/ul>\n\n\n\n<p>Il est aussi possible de partir dans le cadre du <strong>Volontariat des Nations Unies<\/strong>, de l\u2019<strong>EU Aid Volunteers<\/strong> (port\u00e9 par l\u2019Union europ\u00e9enne) ou encore par les dispositifs <strong>VIA<\/strong> (<a href=\"https:\/\/www.service-public.fr\/particuliers\/vosdroits\/F13279\">Volontariat International en Administration<\/a>) ou <strong>VIE <\/strong>(<a href=\"https:\/\/www.service-public.fr\/particuliers\/vosdroits\/F10040\">Volontariat International en Entreprise<\/a>).<br><\/p>\n\n\n\n<p>Le plus important est de <strong>partir dans un cadre pr\u00e9cis <\/strong>: attention aux organismes qui se pr\u00e9sentent comme humanitaires alors qu\u2019ils n\u2019ont comme unique but que de r\u00e9colter l\u2019argent des b\u00e9n\u00e9voles qui payent \u00e0 prix fort leur participation. De mani\u00e8re g\u00e9n\u00e9rale, une soci\u00e9t\u00e9 qui propose des missions de deux semaines pour, par exemple, enseigner dans une \u00e9cole ou un orphelinat ne peut assurer un service s\u00e9rieux et r\u00e9ellement efficace pour les enfants qui auront \u00e0 endurer des cohortes d\u2019enseignants sans exp\u00e9rience et sans suivi p\u00e9dagogique.<br><\/p>\n\n\n\n<p>C\u2019est d\u2019ailleurs pour cela que les associations qui proposent des VSI sont agr\u00e9\u00e9es par l\u2019\u00c9tat en justifiant d\u2019un minimum de trois ann\u00e9es d\u2019activit\u00e9 \u00e0 l\u2019\u00e9tranger, d\u2019un budget \u00e0 l\u2019\u00e9quilibre et de ressources d\u2019origine priv\u00e9e sup\u00e9rieures \u00e0 15 % de son budget annuel.<br><\/p>\n\n\n\n<p><\/p>\n\n\n\n<h2 class=\"wp-block-heading\">Qui peut partir en volontariat international humanitaire ?<\/h2>\n\n\n\n<p>Les missions de VSI sont accessibles \u00e0 tout le monde, sans condition de nationalit\u00e9 et sans limite d\u2019\u00e2ge sup\u00e9rieure. Il est seulement requis que le volontaire soit majeur, et qu\u2019il ne soit pas li\u00e9 par un contrat de travail.<\/p>\n\n\n\n<p>Dans ce dernier cas, le fait de partir pour une dur\u00e9e minimale d\u2019un an dans le cadre d\u2019une ou de plusieurs missions de VSI est consid\u00e9r\u00e9 comme un motif l\u00e9gitime de d\u00e9mission. Il est \u00e9galement possible de p<strong>rendre un cong\u00e9 sabbatique<\/strong> ou un <strong>cong\u00e9 de solidarit\u00e9 internationale<\/strong> afin de pouvoir partir dans ce cadre.<\/p>\n\n\n\n<p>Il est possible de partir seul ou en couple (pour certaines missions).<br><\/p>\n\n\n\n<p><\/p>\n\n\n\n<h2 class=\"wp-block-heading\">Combien de temps peut-on partir pour du volontariat de solidarit\u00e9 internationale ?<\/h2>\n\n\n\n<p>De mani\u00e8re g\u00e9n\u00e9rale, les missions de volontariat de solidarit\u00e9 internationale <strong>durent entre 1 et 2 ans<\/strong>.<br><\/p>\n\n\n\n<p>Par ailleurs, il n\u2019est pas possible d\u2019effectuer plus de 6 ann\u00e9es de missions dans ce cadre, que ce soit ou non pour la m\u00eame association, de fa\u00e7on continue ou non.<\/p>\n\n\n\n<p><\/p>\n\n\n\n<h2 class=\"wp-block-heading\">Ces missions sont-elles r\u00e9mun\u00e9r\u00e9es ?<\/h2>\n\n\n\n<p><strong>Seul le VSI (volontariat de solidarit\u00e9 internationale) inclut syst\u00e9matiquement une r\u00e9mun\u00e9ration<\/strong>. Un contrat doit \u00eatre sign\u00e9 entre le volontaire et l\u2019association qui fait appel \u00e0 ses services. <\/p>\n\n\n\n<p>Dans le cadre de ce contrat, la formation, de m\u00eame que <strong>les frais de voyage li\u00e9s \u00e0 la mission sont pris en charge par l\u2019association<\/strong>, ce qui n\u2019est pas toujours le cas avec les autres formes de volontariat humanitaire.<br><\/p>\n\n\n\n<p>Les volontaires re\u00e7oivent par ailleurs une <strong>indemnit\u00e9 mensuelle qui ne peut pas \u00eatre inf\u00e9rieure \u00e0 100 \u20ac<\/strong> (hors prise en charge du logement et de la nourriture). Il s\u2019agit bien d\u2019une indemnit\u00e9, et pas d\u2019un salaire. La somme per\u00e7ue n\u2019est pas soumise \u00e0 l\u2019imp\u00f4t sur le revenu, ni aux cotisations sociales.<br> Son montant total va varier en fonction du pays de la mission. Seront ainsi pris en consid\u00e9ration le co\u00fbt de la vie, la nature de la mission exerc\u00e9e, les conditions de s\u00e9curit\u00e9, l\u2019\u00e9loignement, etc.<br><\/p>\n\n\n\n<p>Les volontaires ont \u00e9galement <strong>droit \u00e0 des cong\u00e9s pay\u00e9s <\/strong>(deux jours par mois de mission d\u00e8s lors que celle-ci d\u00e9passe un an).<br><\/p>\n\n\n\n<p><\/p>\n\n\n\n<h2 class=\"wp-block-heading\">Que doit contenir un contrat de volontariat de solidarit\u00e9 internationale ?<\/h2>\n\n\n\n<p>Comme pour tout contrat, diff\u00e9rentes mentions sont obligatoires dans le cadre d\u2019un VSI. Devront ainsi figurer sur ce document :<\/p>\n\n\n\n<ul class=\"wp-block-list\"><li>l\u2019identit\u00e9 et l\u2019adresse des deux parties ;<\/li><li> la r\u00e9f\u00e9rence au projet associatif d\u00e9fini par les statuts ou \u00e9ventuellement par la charte de l\u2019association ;<\/li><li> le contenu de la mission du volontaire ;<\/li><li> le lieu o\u00f9 elle se d\u00e9roulera ;<\/li><li> sa dur\u00e9e et les \u00e9ventuelles conditions de rupture anticip\u00e9e ;<\/li><li> le r\u00e9gime de s\u00e9curit\u00e9 sociale et les assurances (compl\u00e9mentaire maladie, responsabilit\u00e9 civile, rapatriement sanitaire) dont le volontaire et ses ayants droit b\u00e9n\u00e9ficient ;<\/li><li> l\u2019identit\u00e9 des ayants droit ;<\/li><li> le montant de l\u2019indemnit\u00e9 vers\u00e9e ;<\/li><li> les modalit\u00e9s de prises en charge des frais de voyage aller et retour du volontaire et de ses ayants droit ;<\/li><li> les modalit\u00e9s de l\u2019appui apport\u00e9 par l\u2019association pour l\u2019exercice d\u2019une activit\u00e9 professionnelle par le volontaire \u00e0 l\u2019\u00e9ch\u00e9ance du contrat.<\/li><\/ul>\n\n\n\n<p>En effet, l\u2019association doit pr\u00e9voir un appui \u00e0 la r\u00e9insertion professionnelle \u00e0 l\u2019issue de la mission de volontariat.<\/p>\n\n\n\n<p><br><\/p>\n\n\n\n<h2 class=\"wp-block-heading\">Quels sont les droits sociaux pour du volontariat international humanitaire ?<\/h2>\n\n\n\n<p>L\u2019association qui accueille un volontaire doit <strong>l\u2019affilier \u00e0 un r\u00e9gime de s\u00e9curit\u00e9 sociale <\/strong>lui garantissant des <strong>droits similaires \u00e0 ceux de la s\u00e9curit\u00e9 sociale fran\u00e7aise<\/strong>. Pour ce faire, les volontaires sont affili\u00e9s \u00e0 la Caisse des Fran\u00e7ais de l\u2019\u00e9tranger pour les garanties suivantes : maladie, maternit\u00e9, invalidit\u00e9 ; option indemnit\u00e9s journali\u00e8res maladie, maternit\u00e9, capital d\u00e9c\u00e8s ; accident du travail, maladie professionnelle ; option voyage d\u2019expatriation.<\/p>\n\n\n\n<p>En plus de toute la protection concernant la sant\u00e9, l\u2019association doit aussi proposer une assurance maladie compl\u00e9mentaire, une assurance responsabilit\u00e9 civile, une assurance volontaire vieillesse, ainsi qu\u2019une assurance pour un \u00e9ventuel rapatriement sanitaire.<\/p>\n\n\n\n<p>Enfin, <strong>l\u2019\u00c9tat fran\u00e7ais propose au retour une indemnit\u00e9 de r\u00e9installation de l\u2019ordre de 3 700 \u20ac<\/strong> pour toute personne ayant effectu\u00e9 au moins 24 mois de mission en continu.<br> <\/p>\n\n\n\n<h2 class=\"wp-block-heading\">Quelle est la protection pr\u00e9vue pour les volontaires \u00e0 l\u2019humanitaire ?<\/h2>\n\n\n\n<p>Pour conna\u00eetre les bases d\u2019une bonne sant\u00e9 en fonction des r\u00e9gions o\u00f9 sont souvent envoy\u00e9s les volontaires, France Volontaire propose aussi un livret La <a href=\"https:\/\/www.france-volontaires.org\/app\/uploads\/2019\/01\/Sante_du_volontaire.pdf\">Sant\u00e9 du volontaire<\/a>, qui liste les conditions sanitaires et les principales maladies de chaque zone.<br><\/p>\n\n\n\n<p>De m\u00eame, ce site propose \u00e9galement un livret sur <a href=\"https:\/\/www.france-volontaires.org\/app\/uploads\/2019\/01\/Livret_Securite_avril2015.pdf\">la s\u00e9curit\u00e9 <\/a>dans ces m\u00eames pays.<br><\/p>\n\n\n\n<p>Chaque endroit disposant de conditions de vie diff\u00e9rentes, il importe de se renseigner au mieux avant de partir. Chez Ambrelia, nous proposons \u00e9galement <a href=\"https:\/\/ambrelia.com\/offres-ong\/\">une offre sp\u00e9cialement d\u00e9di\u00e9e aux ONG<\/a>, y compris pour les zones \u00e0 risque.<\/p>\n","protected":false},"excerpt":{"rendered":"<p>Une mission de volontariat international humanitaire se pr\u00e9pare un minimum en amont. Il faut non seulement trouver une mission pour laquelle un volontaire est comp\u00e9tent, mais encadrer ce voyage d\u2019un genre particulier. Quels sont les diff\u00e9rents types de d\u00e9part possibles ? En France, le volontariat humanitaire s\u2019organise autour de diff\u00e9rents dispositifs. De mani\u00e8re g\u00e9n\u00e9rale, on [&hellip;]<\/p>\n","protected":false},"author":24,"featured_media":17229290,"comment_status":"closed","ping_status":"closed","sticky":false,"template":"","format":"standard","meta":{"_et_pb_use_builder":"","_et_pb_old_content":"","_et_gb_content_width":"","footnotes":""},"categories":[49],"tags":[],"dipi_cpt_category":[],"class_list":["post-37832","post","type-post","status-publish","format-standard","has-post-thumbnail","hentry","category-non-classe"],"yoast_head":"<!-- This site is optimized with the Yoast SEO plugin v27.4 - https:\/\/yoast.com\/product\/yoast-seo-wordpress\/ -->\n<title>Volontariat international Humanitaire : les indispensables avant de partir<\/title>\n<meta name=\"description\" content=\"Une mission de volontariat international humanitaire se pr\u00e9pare un minimum en amont.\" \/>\n<meta name=\"robots\" content=\"index, follow, max-snippet:-1, max-image-preview:large, max-video-preview:-1\" \/>\n<link rel=\"canonical\" href=\"https:\/\/ambrelia.com\/fr\/2020\/12\/volontariat-international-humanitaire-indispensables-avant-de-partir\/\" \/>\n<meta property=\"og:locale\" content=\"fr_FR\" \/>\n<meta property=\"og:type\" content=\"article\" \/>\n<meta property=\"og:title\" content=\"Volontariat international Humanitaire : les indispensables avant de partir\" \/>\n<meta property=\"og:description\" content=\"Une mission de volontariat international humanitaire se pr\u00e9pare un minimum en amont.\" \/>\n<meta property=\"og:url\" content=\"https:\/\/ambrelia.com\/fr\/2020\/12\/volontariat-international-humanitaire-indispensables-avant-de-partir\/\" \/>\n<meta property=\"og:site_name\" content=\"Ambrelia\" \/>\n<meta property=\"article:published_time\" content=\"2020-12-30T15:22:00+00:00\" \/>\n<meta property=\"article:modified_time\" content=\"2025-02-25T15:31:35+00:00\" \/>\n<meta property=\"og:image\" content=\"https:\/\/ambrelia.com\/wp-content\/uploads\/2020\/11\/kids-674513_1920-1-1-600x600-1.webp\" \/>\n\t<meta property=\"og:image:width\" content=\"600\" \/>\n\t<meta property=\"og:image:height\" content=\"600\" \/>\n\t<meta property=\"og:image:type\" content=\"image\/webp\" \/>\n<meta name=\"author\" content=\"Lucas\" \/>\n<meta name=\"twitter:card\" content=\"summary_large_image\" \/>\n<meta name=\"twitter:label1\" content=\"\u00c9crit par\" \/>\n\t<meta name=\"twitter:data1\" content=\"Lucas\" \/>\n\t<meta name=\"twitter:label2\" content=\"Dur\u00e9e de lecture estim\u00e9e\" \/>\n\t<meta name=\"twitter:data2\" content=\"6 minutes\" \/>\n<script type=\"application\/ld+json\" class=\"yoast-schema-graph\">{\"@context\":\"https:\\\/\\\/schema.org\",\"@graph\":[{\"@type\":\"Article\",\"@id\":\"https:\\\/\\\/ambrelia.com\\\/fr\\\/2020\\\/12\\\/volontariat-international-humanitaire-indispensables-avant-de-partir\\\/#article\",\"isPartOf\":{\"@id\":\"https:\\\/\\\/ambrelia.com\\\/fr\\\/2020\\\/12\\\/volontariat-international-humanitaire-indispensables-avant-de-partir\\\/\"},\"author\":{\"name\":\"Lucas\",\"@id\":\"https:\\\/\\\/ambrelia.com\\\/fr\\\/#\\\/schema\\\/person\\\/48dbdeb7f7a6fff5a7cb15bc24d5e0d8\"},\"headline\":\"Volontariat international humanitaire : informations indispensables\",\"datePublished\":\"2020-12-30T15:22:00+00:00\",\"dateModified\":\"2025-02-25T15:31:35+00:00\",\"mainEntityOfPage\":{\"@id\":\"https:\\\/\\\/ambrelia.com\\\/fr\\\/2020\\\/12\\\/volontariat-international-humanitaire-indispensables-avant-de-partir\\\/\"},\"wordCount\":1164,\"image\":{\"@id\":\"https:\\\/\\\/ambrelia.com\\\/fr\\\/2020\\\/12\\\/volontariat-international-humanitaire-indispensables-avant-de-partir\\\/#primaryimage\"},\"thumbnailUrl\":\"https:\\\/\\\/ambrelia.com\\\/wp-content\\\/uploads\\\/2020\\\/11\\\/kids-674513_1920-1-1-600x600-1.webp\",\"inLanguage\":\"fr-FR\"},{\"@type\":\"WebPage\",\"@id\":\"https:\\\/\\\/ambrelia.com\\\/fr\\\/2020\\\/12\\\/volontariat-international-humanitaire-indispensables-avant-de-partir\\\/\",\"url\":\"https:\\\/\\\/ambrelia.com\\\/fr\\\/2020\\\/12\\\/volontariat-international-humanitaire-indispensables-avant-de-partir\\\/\",\"name\":\"Volontariat international Humanitaire : les indispensables avant de partir\",\"isPartOf\":{\"@id\":\"https:\\\/\\\/ambrelia.com\\\/fr\\\/#website\"},\"primaryImageOfPage\":{\"@id\":\"https:\\\/\\\/ambrelia.com\\\/fr\\\/2020\\\/12\\\/volontariat-international-humanitaire-indispensables-avant-de-partir\\\/#primaryimage\"},\"image\":{\"@id\":\"https:\\\/\\\/ambrelia.com\\\/fr\\\/2020\\\/12\\\/volontariat-international-humanitaire-indispensables-avant-de-partir\\\/#primaryimage\"},\"thumbnailUrl\":\"https:\\\/\\\/ambrelia.com\\\/wp-content\\\/uploads\\\/2020\\\/11\\\/kids-674513_1920-1-1-600x600-1.webp\",\"datePublished\":\"2020-12-30T15:22:00+00:00\",\"dateModified\":\"2025-02-25T15:31:35+00:00\",\"author\":{\"@id\":\"https:\\\/\\\/ambrelia.com\\\/fr\\\/#\\\/schema\\\/person\\\/48dbdeb7f7a6fff5a7cb15bc24d5e0d8\"},\"description\":\"Une mission de volontariat international humanitaire se pr\u00e9pare un minimum en amont.\",\"breadcrumb\":{\"@id\":\"https:\\\/\\\/ambrelia.com\\\/fr\\\/2020\\\/12\\\/volontariat-international-humanitaire-indispensables-avant-de-partir\\\/#breadcrumb\"},\"inLanguage\":\"fr-FR\",\"potentialAction\":[{\"@type\":\"ReadAction\",\"target\":[\"https:\\\/\\\/ambrelia.com\\\/fr\\\/2020\\\/12\\\/volontariat-international-humanitaire-indispensables-avant-de-partir\\\/\"]}]},{\"@type\":\"ImageObject\",\"inLanguage\":\"fr-FR\",\"@id\":\"https:\\\/\\\/ambrelia.com\\\/fr\\\/2020\\\/12\\\/volontariat-international-humanitaire-indispensables-avant-de-partir\\\/#primaryimage\",\"url\":\"https:\\\/\\\/ambrelia.com\\\/wp-content\\\/uploads\\\/2020\\\/11\\\/kids-674513_1920-1-1-600x600-1.webp\",\"contentUrl\":\"https:\\\/\\\/ambrelia.com\\\/wp-content\\\/uploads\\\/2020\\\/11\\\/kids-674513_1920-1-1-600x600-1.webp\",\"width\":600,\"height\":600,\"caption\":\"kids-674513_1920-1-1-600x600\"},{\"@type\":\"BreadcrumbList\",\"@id\":\"https:\\\/\\\/ambrelia.com\\\/fr\\\/2020\\\/12\\\/volontariat-international-humanitaire-indispensables-avant-de-partir\\\/#breadcrumb\",\"itemListElement\":[{\"@type\":\"ListItem\",\"position\":1,\"name\":\"Accueil\",\"item\":\"https:\\\/\\\/ambrelia.com\\\/fr\\\/\"},{\"@type\":\"ListItem\",\"position\":2,\"name\":\"Volontariat international humanitaire : informations indispensables\"}]},{\"@type\":\"WebSite\",\"@id\":\"https:\\\/\\\/ambrelia.com\\\/fr\\\/#website\",\"url\":\"https:\\\/\\\/ambrelia.com\\\/fr\\\/\",\"name\":\"Ambrelia\",\"description\":\"\",\"potentialAction\":[{\"@type\":\"SearchAction\",\"target\":{\"@type\":\"EntryPoint\",\"urlTemplate\":\"https:\\\/\\\/ambrelia.com\\\/fr\\\/?s={search_term_string}\"},\"query-input\":{\"@type\":\"PropertyValueSpecification\",\"valueRequired\":true,\"valueName\":\"search_term_string\"}}],\"inLanguage\":\"fr-FR\"},{\"@type\":\"Person\",\"@id\":\"https:\\\/\\\/ambrelia.com\\\/fr\\\/#\\\/schema\\\/person\\\/48dbdeb7f7a6fff5a7cb15bc24d5e0d8\",\"name\":\"Lucas\",\"image\":{\"@type\":\"ImageObject\",\"inLanguage\":\"fr-FR\",\"@id\":\"https:\\\/\\\/secure.gravatar.com\\\/avatar\\\/50afe7988071d6a6f1f18d9ea70392c32d66d2994c451dbd1319f7208fd40802?s=96&d=mm&r=g\",\"url\":\"https:\\\/\\\/secure.gravatar.com\\\/avatar\\\/50afe7988071d6a6f1f18d9ea70392c32d66d2994c451dbd1319f7208fd40802?s=96&d=mm&r=g\",\"contentUrl\":\"https:\\\/\\\/secure.gravatar.com\\\/avatar\\\/50afe7988071d6a6f1f18d9ea70392c32d66d2994c451dbd1319f7208fd40802?s=96&d=mm&r=g\",\"caption\":\"Lucas\"}}]}<\/script>\n<!-- \/ Yoast SEO plugin. -->","yoast_head_json":{"title":"Volontariat international Humanitaire : les indispensables avant de partir","description":"Une mission de volontariat international humanitaire se pr\u00e9pare un minimum en amont.","robots":{"index":"index","follow":"follow","max-snippet":"max-snippet:-1","max-image-preview":"max-image-preview:large","max-video-preview":"max-video-preview:-1"},"canonical":"https:\/\/ambrelia.com\/fr\/2020\/12\/volontariat-international-humanitaire-indispensables-avant-de-partir\/","og_locale":"fr_FR","og_type":"article","og_title":"Volontariat international Humanitaire : les indispensables avant de partir","og_description":"Une mission de volontariat international humanitaire se pr\u00e9pare un minimum en amont.","og_url":"https:\/\/ambrelia.com\/fr\/2020\/12\/volontariat-international-humanitaire-indispensables-avant-de-partir\/","og_site_name":"Ambrelia","article_published_time":"2020-12-30T15:22:00+00:00","article_modified_time":"2025-02-25T15:31:35+00:00","og_image":[{"width":600,"height":600,"url":"https:\/\/ambrelia.com\/wp-content\/uploads\/2020\/11\/kids-674513_1920-1-1-600x600-1.webp","type":"image\/webp"}],"author":"Lucas","twitter_card":"summary_large_image","twitter_misc":{"\u00c9crit par":"Lucas","Dur\u00e9e de lecture estim\u00e9e":"6 minutes"},"schema":{"@context":"https:\/\/schema.org","@graph":[{"@type":"Article","@id":"https:\/\/ambrelia.com\/fr\/2020\/12\/volontariat-international-humanitaire-indispensables-avant-de-partir\/#article","isPartOf":{"@id":"https:\/\/ambrelia.com\/fr\/2020\/12\/volontariat-international-humanitaire-indispensables-avant-de-partir\/"},"author":{"name":"Lucas","@id":"https:\/\/ambrelia.com\/fr\/#\/schema\/person\/48dbdeb7f7a6fff5a7cb15bc24d5e0d8"},"headline":"Volontariat international humanitaire : informations indispensables","datePublished":"2020-12-30T15:22:00+00:00","dateModified":"2025-02-25T15:31:35+00:00","mainEntityOfPage":{"@id":"https:\/\/ambrelia.com\/fr\/2020\/12\/volontariat-international-humanitaire-indispensables-avant-de-partir\/"},"wordCount":1164,"image":{"@id":"https:\/\/ambrelia.com\/fr\/2020\/12\/volontariat-international-humanitaire-indispensables-avant-de-partir\/#primaryimage"},"thumbnailUrl":"https:\/\/ambrelia.com\/wp-content\/uploads\/2020\/11\/kids-674513_1920-1-1-600x600-1.webp","inLanguage":"fr-FR"},{"@type":"WebPage","@id":"https:\/\/ambrelia.com\/fr\/2020\/12\/volontariat-international-humanitaire-indispensables-avant-de-partir\/","url":"https:\/\/ambrelia.com\/fr\/2020\/12\/volontariat-international-humanitaire-indispensables-avant-de-partir\/","name":"Volontariat international Humanitaire : les indispensables avant de partir","isPartOf":{"@id":"https:\/\/ambrelia.com\/fr\/#website"},"primaryImageOfPage":{"@id":"https:\/\/ambrelia.com\/fr\/2020\/12\/volontariat-international-humanitaire-indispensables-avant-de-partir\/#primaryimage"},"image":{"@id":"https:\/\/ambrelia.com\/fr\/2020\/12\/volontariat-international-humanitaire-indispensables-avant-de-partir\/#primaryimage"},"thumbnailUrl":"https:\/\/ambrelia.com\/wp-content\/uploads\/2020\/11\/kids-674513_1920-1-1-600x600-1.webp","datePublished":"2020-12-30T15:22:00+00:00","dateModified":"2025-02-25T15:31:35+00:00","author":{"@id":"https:\/\/ambrelia.com\/fr\/#\/schema\/person\/48dbdeb7f7a6fff5a7cb15bc24d5e0d8"},"description":"Une mission de volontariat international humanitaire se pr\u00e9pare un minimum en amont.","breadcrumb":{"@id":"https:\/\/ambrelia.com\/fr\/2020\/12\/volontariat-international-humanitaire-indispensables-avant-de-partir\/#breadcrumb"},"inLanguage":"fr-FR","potentialAction":[{"@type":"ReadAction","target":["https:\/\/ambrelia.com\/fr\/2020\/12\/volontariat-international-humanitaire-indispensables-avant-de-partir\/"]}]},{"@type":"ImageObject","inLanguage":"fr-FR","@id":"https:\/\/ambrelia.com\/fr\/2020\/12\/volontariat-international-humanitaire-indispensables-avant-de-partir\/#primaryimage","url":"https:\/\/ambrelia.com\/wp-content\/uploads\/2020\/11\/kids-674513_1920-1-1-600x600-1.webp","contentUrl":"https:\/\/ambrelia.com\/wp-content\/uploads\/2020\/11\/kids-674513_1920-1-1-600x600-1.webp","width":600,"height":600,"caption":"kids-674513_1920-1-1-600x600"},{"@type":"BreadcrumbList","@id":"https:\/\/ambrelia.com\/fr\/2020\/12\/volontariat-international-humanitaire-indispensables-avant-de-partir\/#breadcrumb","itemListElement":[{"@type":"ListItem","position":1,"name":"Accueil","item":"https:\/\/ambrelia.com\/fr\/"},{"@type":"ListItem","position":2,"name":"Volontariat international humanitaire : informations indispensables"}]},{"@type":"WebSite","@id":"https:\/\/ambrelia.com\/fr\/#website","url":"https:\/\/ambrelia.com\/fr\/","name":"Ambrelia","description":"","potentialAction":[{"@type":"SearchAction","target":{"@type":"EntryPoint","urlTemplate":"https:\/\/ambrelia.com\/fr\/?s={search_term_string}"},"query-input":{"@type":"PropertyValueSpecification","valueRequired":true,"valueName":"search_term_string"}}],"inLanguage":"fr-FR"},{"@type":"Person","@id":"https:\/\/ambrelia.com\/fr\/#\/schema\/person\/48dbdeb7f7a6fff5a7cb15bc24d5e0d8","name":"Lucas","image":{"@type":"ImageObject","inLanguage":"fr-FR","@id":"https:\/\/secure.gravatar.com\/avatar\/50afe7988071d6a6f1f18d9ea70392c32d66d2994c451dbd1319f7208fd40802?s=96&d=mm&r=g","url":"https:\/\/secure.gravatar.com\/avatar\/50afe7988071d6a6f1f18d9ea70392c32d66d2994c451dbd1319f7208fd40802?s=96&d=mm&r=g","contentUrl":"https:\/\/secure.gravatar.com\/avatar\/50afe7988071d6a6f1f18d9ea70392c32d66d2994c451dbd1319f7208fd40802?s=96&d=mm&r=g","caption":"Lucas"}}]}},"_links":{"self":[{"href":"https:\/\/ambrelia.com\/fr\/wp-json\/wp\/v2\/posts\/37832","targetHints":{"allow":["GET"]}}],"collection":[{"href":"https:\/\/ambrelia.com\/fr\/wp-json\/wp\/v2\/posts"}],"about":[{"href":"https:\/\/ambrelia.com\/fr\/wp-json\/wp\/v2\/types\/post"}],"author":[{"embeddable":true,"href":"https:\/\/ambrelia.com\/fr\/wp-json\/wp\/v2\/users\/24"}],"replies":[{"embeddable":true,"href":"https:\/\/ambrelia.com\/fr\/wp-json\/wp\/v2\/comments?post=37832"}],"version-history":[{"count":2,"href":"https:\/\/ambrelia.com\/fr\/wp-json\/wp\/v2\/posts\/37832\/revisions"}],"predecessor-version":[{"id":17231601,"href":"https:\/\/ambrelia.com\/fr\/wp-json\/wp\/v2\/posts\/37832\/revisions\/17231601"}],"wp:featuredmedia":[{"embeddable":true,"href":"https:\/\/ambrelia.com\/fr\/wp-json\/wp\/v2\/media\/17229290"}],"wp:attachment":[{"href":"https:\/\/ambrelia.com\/fr\/wp-json\/wp\/v2\/media?parent=37832"}],"wp:term":[{"taxonomy":"category","embeddable":true,"href":"https:\/\/ambrelia.com\/fr\/wp-json\/wp\/v2\/categories?post=37832"},{"taxonomy":"post_tag","embeddable":true,"href":"https:\/\/ambrelia.com\/fr\/wp-json\/wp\/v2\/tags?post=37832"},{"taxonomy":"dipi_cpt_category","embeddable":true,"href":"https:\/\/ambrelia.com\/fr\/wp-json\/wp\/v2\/dipi_cpt_category?post=37832"}],"curies":[{"name":"wp","href":"https:\/\/api.w.org\/{rel}","templated":true}]}}