{"id":38582,"date":"2021-03-01T09:28:00","date_gmt":"2021-03-01T08:28:00","guid":{"rendered":"https:\/\/ambrelia.com\/?p=38582"},"modified":"2024-10-09T07:46:16","modified_gmt":"2024-10-09T07:46:16","slug":"podcast-de-stephane-lorey-sur-hrdradio-tv","status":"publish","type":"post","link":"https:\/\/ambrelia.com\/fr\/2021\/03\/podcast-de-stephane-lorey-sur-hrdradio-tv\/","title":{"rendered":"Podcast de St\u00e9phane Lorey sur HRDRadio.Tv"},"content":{"rendered":"\n<p class=\"has-medium-font-size\">Retrouvez l&rsquo;intervention de notre Directeur St\u00e9phane Lorey, interview\u00e9 par Alain Marty &amp; Sophie Sanchez dans le cadre de son podcast sur HRDRadio.Tv.<\/p>\n\n\n\n<p class=\"has-medium-font-size\">Alain Marty, Directeur de la r\u00e9daction de <a href=\"http:\/\/www.hrdradio.tv\/\">HRD Radio.Tv<\/a>, Sophie Sanchez, Directrice g\u00e9n\u00e9rale du groupe Synergie, et Richard Fremder, r\u00e9dacteur en chef adjoint de HRD Radio.Tv, re\u00e7oivent <a href=\"https:\/\/www.linkedin.com\/in\/stephanelorey\/\">St\u00e9phane Lorey<\/a>, Fondateur et Directeur d&rsquo;Ambrelia. Il revient sur son exp\u00e9rience et pr\u00e9sente <a href=\"https:\/\/ambrelia.com\">Ambrelia<\/a> ainsi que ses activit\u00e9s.<\/p>\n\n\n\n<p class=\"has-medium-font-size\"><strong>Ecoutez le Podcast :<\/strong><\/p>\n\n\n\n<p><a href=\"https:\/\/podcast.ausha.co\/l-invite-de-hrd-radio\/stephane-lorey-ambrelia\">https:\/\/podcast.ausha.co\/l-invite-de-hrd-radio\/stephane-lorey-ambrelia<\/a><\/p>\n\n\n\n<figure class=\"wp-block-image size-large\"><img decoding=\"async\" src=\"https:\/\/ambrelia.com\/wp-content\/uploads\/2021\/02\/Podcast-HRDRadio.Tv_-1024x632.png\" alt=\"Podcast HRDRadio.Tv\" class=\"wp-image-38584\"\/><\/figure>\n\n\n\n<h2 class=\"wp-block-heading\">Nos derniers articles :<\/h2>\n\n\n<ul class=\"wp-block-latest-posts__list wp-block-latest-posts\"><li><a class=\"wp-block-latest-posts__post-title\" href=\"https:\/\/ambrelia.com\/fr\/2026\/04\/assurance-sante-internationale-un-pilier-strategique-pour-les-organisations-a-linternational\/\">Assurance sant\u00e9 internationale : un pilier strat\u00e9gique pour les organisations \u00e0 l\u2019international<\/a><\/li>\n<li><a class=\"wp-block-latest-posts__post-title\" href=\"https:\/\/ambrelia.com\/fr\/2026\/04\/assurance-kr-proteger-les-entreprises-et-leurs-collaborateurs-face-aux-risques-denlevement\/\">Assurance K&amp;R : prot\u00e9ger les entreprises et leurs collaborateurs face aux risques d\u2019enl\u00e8vement<\/a><\/li>\n<li><a class=\"wp-block-latest-posts__post-title\" href=\"https:\/\/ambrelia.com\/fr\/2026\/04\/risques-a-linternational-en-2026\/\">Risques \u00e0 l\u2019international en 2026<\/a><\/li>\n<li><a class=\"wp-block-latest-posts__post-title\" href=\"https:\/\/ambrelia.com\/fr\/2026\/04\/pourquoi-prendre-une-assurance-rapatriement-lorsque-lon-part\/\">Pourquoi prendre une assurance rapatriement lorsque l\u2019on part en mission \u00e0 l\u2019\u00e9tranger ?<\/a><\/li>\n<li><a class=\"wp-block-latest-posts__post-title\" href=\"https:\/\/ambrelia.com\/fr\/2026\/04\/retrouvez-nous-a-la-conference-gisf-2026-a-londres\/\">Retrouvez-nous \u00e0 la conf\u00e9rence GISF 2026 \u00e0 Londres !<\/a><\/li>\n<\/ul>","protected":false},"excerpt":{"rendered":"<p>Retrouvez l&rsquo;intervention de notre Directeur St\u00e9phane Lorey, interview\u00e9 par Alain Marty &amp; Sophie Sanchez dans le cadre de son podcast sur HRDRadio.Tv. Alain Marty, Directeur de la r\u00e9daction de HRD Radio.Tv, Sophie Sanchez, Directrice g\u00e9n\u00e9rale du groupe Synergie, et Richard Fremder, r\u00e9dacteur en chef adjoint de HRD Radio.Tv, re\u00e7oivent St\u00e9phane Lorey, Fondateur et Directeur d&rsquo;Ambrelia. [&hellip;]<\/p>\n","protected":false},"author":18,"featured_media":17229301,"comment_status":"closed","ping_status":"closed","sticky":false,"template":"","format":"standard","meta":{"_et_pb_use_builder":"","_et_pb_old_content":"","_et_gb_content_width":"","footnotes":""},"categories":[49],"tags":[],"dipi_cpt_category":[],"class_list":["post-38582","post","type-post","status-publish","format-standard","has-post-thumbnail","hentry","category-non-classe"],"yoast_head":"<!-- This site is optimized with the Yoast SEO plugin v27.5 - https:\/\/yoast.com\/product\/yoast-seo-wordpress\/ -->\n<title>Podcast de St\u00e9phane Lorey sur HRDRadio.Tv - Ambrelia<\/title>\n<meta name=\"description\" content=\"Interview de St\u00e9phane Lorey, Directeur d&#039;Ambrelia, par Alain Marty sur HRDRadio.Tv\" \/>\n<meta name=\"robots\" content=\"index, follow, max-snippet:-1, max-image-preview:large, max-video-preview:-1\" \/>\n<link rel=\"canonical\" href=\"https:\/\/ambrelia.com\/fr\/2021\/03\/podcast-de-stephane-lorey-sur-hrdradio-tv\/\" \/>\n<meta property=\"og:locale\" content=\"fr_FR\" \/>\n<meta property=\"og:type\" content=\"article\" \/>\n<meta property=\"og:title\" content=\"Podcast de St\u00e9phane Lorey sur HRDRadio.Tv - Ambrelia\" \/>\n<meta property=\"og:description\" content=\"Interview de St\u00e9phane Lorey, Directeur d&#039;Ambrelia, par Alain Marty sur HRDRadio.Tv\" \/>\n<meta property=\"og:url\" content=\"https:\/\/ambrelia.com\/fr\/2021\/03\/podcast-de-stephane-lorey-sur-hrdradio-tv\/\" \/>\n<meta property=\"og:site_name\" content=\"Ambrelia\" \/>\n<meta property=\"article:published_time\" content=\"2021-03-01T08:28:00+00:00\" \/>\n<meta property=\"article:modified_time\" content=\"2024-10-09T07:46:16+00:00\" \/>\n<meta property=\"og:image\" content=\"https:\/\/ambrelia.com\/wp-content\/uploads\/2021\/02\/podcast-600x600-1.webp\" \/>\n\t<meta property=\"og:image:width\" content=\"600\" \/>\n\t<meta property=\"og:image:height\" content=\"600\" \/>\n\t<meta property=\"og:image:type\" content=\"image\/webp\" \/>\n<meta name=\"author\" content=\"fabien.bertrand@neocamino.com\" \/>\n<meta name=\"twitter:card\" content=\"summary_large_image\" \/>\n<meta name=\"twitter:label1\" content=\"\u00c9crit par\" \/>\n\t<meta name=\"twitter:data1\" content=\"fabien.bertrand@neocamino.com\" \/>\n\t<meta name=\"twitter:label2\" content=\"Dur\u00e9e de lecture estim\u00e9e\" \/>\n\t<meta name=\"twitter:data2\" content=\"1 minute\" \/>\n<script type=\"application\/ld+json\" class=\"yoast-schema-graph\">{\"@context\":\"https:\\\/\\\/schema.org\",\"@graph\":[{\"@type\":\"Article\",\"@id\":\"https:\\\/\\\/ambrelia.com\\\/fr\\\/2021\\\/03\\\/podcast-de-stephane-lorey-sur-hrdradio-tv\\\/#article\",\"isPartOf\":{\"@id\":\"https:\\\/\\\/ambrelia.com\\\/fr\\\/2021\\\/03\\\/podcast-de-stephane-lorey-sur-hrdradio-tv\\\/\"},\"author\":{\"name\":\"fabien.bertrand@neocamino.com\",\"@id\":\"https:\\\/\\\/ambrelia.com\\\/fr\\\/#\\\/schema\\\/person\\\/ad558722d25b606231c04faa0526e5ee\"},\"headline\":\"Podcast de St\u00e9phane Lorey sur HRDRadio.Tv\",\"datePublished\":\"2021-03-01T08:28:00+00:00\",\"dateModified\":\"2024-10-09T07:46:16+00:00\",\"mainEntityOfPage\":{\"@id\":\"https:\\\/\\\/ambrelia.com\\\/fr\\\/2021\\\/03\\\/podcast-de-stephane-lorey-sur-hrdradio-tv\\\/\"},\"wordCount\":102,\"image\":{\"@id\":\"https:\\\/\\\/ambrelia.com\\\/fr\\\/2021\\\/03\\\/podcast-de-stephane-lorey-sur-hrdradio-tv\\\/#primaryimage\"},\"thumbnailUrl\":\"https:\\\/\\\/ambrelia.com\\\/wp-content\\\/uploads\\\/2021\\\/02\\\/podcast-600x600-1.webp\",\"inLanguage\":\"fr-FR\"},{\"@type\":\"WebPage\",\"@id\":\"https:\\\/\\\/ambrelia.com\\\/fr\\\/2021\\\/03\\\/podcast-de-stephane-lorey-sur-hrdradio-tv\\\/\",\"url\":\"https:\\\/\\\/ambrelia.com\\\/fr\\\/2021\\\/03\\\/podcast-de-stephane-lorey-sur-hrdradio-tv\\\/\",\"name\":\"Podcast de St\u00e9phane Lorey sur HRDRadio.Tv - Ambrelia\",\"isPartOf\":{\"@id\":\"https:\\\/\\\/ambrelia.com\\\/fr\\\/#website\"},\"primaryImageOfPage\":{\"@id\":\"https:\\\/\\\/ambrelia.com\\\/fr\\\/2021\\\/03\\\/podcast-de-stephane-lorey-sur-hrdradio-tv\\\/#primaryimage\"},\"image\":{\"@id\":\"https:\\\/\\\/ambrelia.com\\\/fr\\\/2021\\\/03\\\/podcast-de-stephane-lorey-sur-hrdradio-tv\\\/#primaryimage\"},\"thumbnailUrl\":\"https:\\\/\\\/ambrelia.com\\\/wp-content\\\/uploads\\\/2021\\\/02\\\/podcast-600x600-1.webp\",\"datePublished\":\"2021-03-01T08:28:00+00:00\",\"dateModified\":\"2024-10-09T07:46:16+00:00\",\"author\":{\"@id\":\"https:\\\/\\\/ambrelia.com\\\/fr\\\/#\\\/schema\\\/person\\\/ad558722d25b606231c04faa0526e5ee\"},\"description\":\"Interview de St\u00e9phane Lorey, Directeur d'Ambrelia, par Alain Marty sur HRDRadio.Tv\",\"breadcrumb\":{\"@id\":\"https:\\\/\\\/ambrelia.com\\\/fr\\\/2021\\\/03\\\/podcast-de-stephane-lorey-sur-hrdradio-tv\\\/#breadcrumb\"},\"inLanguage\":\"fr-FR\",\"potentialAction\":[{\"@type\":\"ReadAction\",\"target\":[\"https:\\\/\\\/ambrelia.com\\\/fr\\\/2021\\\/03\\\/podcast-de-stephane-lorey-sur-hrdradio-tv\\\/\"]}]},{\"@type\":\"ImageObject\",\"inLanguage\":\"fr-FR\",\"@id\":\"https:\\\/\\\/ambrelia.com\\\/fr\\\/2021\\\/03\\\/podcast-de-stephane-lorey-sur-hrdradio-tv\\\/#primaryimage\",\"url\":\"https:\\\/\\\/ambrelia.com\\\/wp-content\\\/uploads\\\/2021\\\/02\\\/podcast-600x600-1.webp\",\"contentUrl\":\"https:\\\/\\\/ambrelia.com\\\/wp-content\\\/uploads\\\/2021\\\/02\\\/podcast-600x600-1.webp\",\"width\":600,\"height\":600,\"caption\":\"Podcast-600x600\"},{\"@type\":\"BreadcrumbList\",\"@id\":\"https:\\\/\\\/ambrelia.com\\\/fr\\\/2021\\\/03\\\/podcast-de-stephane-lorey-sur-hrdradio-tv\\\/#breadcrumb\",\"itemListElement\":[{\"@type\":\"ListItem\",\"position\":1,\"name\":\"Accueil\",\"item\":\"https:\\\/\\\/ambrelia.com\\\/fr\\\/\"},{\"@type\":\"ListItem\",\"position\":2,\"name\":\"Podcast de St\u00e9phane Lorey sur HRDRadio.Tv\"}]},{\"@type\":\"WebSite\",\"@id\":\"https:\\\/\\\/ambrelia.com\\\/fr\\\/#website\",\"url\":\"https:\\\/\\\/ambrelia.com\\\/fr\\\/\",\"name\":\"Ambrelia\",\"description\":\"\",\"potentialAction\":[{\"@type\":\"SearchAction\",\"target\":{\"@type\":\"EntryPoint\",\"urlTemplate\":\"https:\\\/\\\/ambrelia.com\\\/fr\\\/?s={search_term_string}\"},\"query-input\":{\"@type\":\"PropertyValueSpecification\",\"valueRequired\":true,\"valueName\":\"search_term_string\"}}],\"inLanguage\":\"fr-FR\"},{\"@type\":\"Person\",\"@id\":\"https:\\\/\\\/ambrelia.com\\\/fr\\\/#\\\/schema\\\/person\\\/ad558722d25b606231c04faa0526e5ee\",\"name\":\"fabien.bertrand@neocamino.com\",\"image\":{\"@type\":\"ImageObject\",\"inLanguage\":\"fr-FR\",\"@id\":\"https:\\\/\\\/secure.gravatar.com\\\/avatar\\\/3023a84949e647d3d6deae2f3b6c60f1af24fab4b3c6417a9455a1557e65d196?s=96&d=mm&r=g\",\"url\":\"https:\\\/\\\/secure.gravatar.com\\\/avatar\\\/3023a84949e647d3d6deae2f3b6c60f1af24fab4b3c6417a9455a1557e65d196?s=96&d=mm&r=g\",\"contentUrl\":\"https:\\\/\\\/secure.gravatar.com\\\/avatar\\\/3023a84949e647d3d6deae2f3b6c60f1af24fab4b3c6417a9455a1557e65d196?s=96&d=mm&r=g\",\"caption\":\"fabien.bertrand@neocamino.com\"}}]}<\/script>\n<!-- \/ Yoast SEO plugin. -->","yoast_head_json":{"title":"Podcast de St\u00e9phane Lorey sur HRDRadio.Tv - Ambrelia","description":"Interview de St\u00e9phane Lorey, Directeur d'Ambrelia, par Alain Marty sur HRDRadio.Tv","robots":{"index":"index","follow":"follow","max-snippet":"max-snippet:-1","max-image-preview":"max-image-preview:large","max-video-preview":"max-video-preview:-1"},"canonical":"https:\/\/ambrelia.com\/fr\/2021\/03\/podcast-de-stephane-lorey-sur-hrdradio-tv\/","og_locale":"fr_FR","og_type":"article","og_title":"Podcast de St\u00e9phane Lorey sur HRDRadio.Tv - Ambrelia","og_description":"Interview de St\u00e9phane Lorey, Directeur d'Ambrelia, par Alain Marty sur HRDRadio.Tv","og_url":"https:\/\/ambrelia.com\/fr\/2021\/03\/podcast-de-stephane-lorey-sur-hrdradio-tv\/","og_site_name":"Ambrelia","article_published_time":"2021-03-01T08:28:00+00:00","article_modified_time":"2024-10-09T07:46:16+00:00","og_image":[{"width":600,"height":600,"url":"https:\/\/ambrelia.com\/wp-content\/uploads\/2021\/02\/podcast-600x600-1.webp","type":"image\/webp"}],"author":"fabien.bertrand@neocamino.com","twitter_card":"summary_large_image","twitter_misc":{"\u00c9crit par":"fabien.bertrand@neocamino.com","Dur\u00e9e de lecture estim\u00e9e":"1 minute"},"schema":{"@context":"https:\/\/schema.org","@graph":[{"@type":"Article","@id":"https:\/\/ambrelia.com\/fr\/2021\/03\/podcast-de-stephane-lorey-sur-hrdradio-tv\/#article","isPartOf":{"@id":"https:\/\/ambrelia.com\/fr\/2021\/03\/podcast-de-stephane-lorey-sur-hrdradio-tv\/"},"author":{"name":"fabien.bertrand@neocamino.com","@id":"https:\/\/ambrelia.com\/fr\/#\/schema\/person\/ad558722d25b606231c04faa0526e5ee"},"headline":"Podcast de St\u00e9phane Lorey sur HRDRadio.Tv","datePublished":"2021-03-01T08:28:00+00:00","dateModified":"2024-10-09T07:46:16+00:00","mainEntityOfPage":{"@id":"https:\/\/ambrelia.com\/fr\/2021\/03\/podcast-de-stephane-lorey-sur-hrdradio-tv\/"},"wordCount":102,"image":{"@id":"https:\/\/ambrelia.com\/fr\/2021\/03\/podcast-de-stephane-lorey-sur-hrdradio-tv\/#primaryimage"},"thumbnailUrl":"https:\/\/ambrelia.com\/wp-content\/uploads\/2021\/02\/podcast-600x600-1.webp","inLanguage":"fr-FR"},{"@type":"WebPage","@id":"https:\/\/ambrelia.com\/fr\/2021\/03\/podcast-de-stephane-lorey-sur-hrdradio-tv\/","url":"https:\/\/ambrelia.com\/fr\/2021\/03\/podcast-de-stephane-lorey-sur-hrdradio-tv\/","name":"Podcast de St\u00e9phane Lorey sur HRDRadio.Tv - Ambrelia","isPartOf":{"@id":"https:\/\/ambrelia.com\/fr\/#website"},"primaryImageOfPage":{"@id":"https:\/\/ambrelia.com\/fr\/2021\/03\/podcast-de-stephane-lorey-sur-hrdradio-tv\/#primaryimage"},"image":{"@id":"https:\/\/ambrelia.com\/fr\/2021\/03\/podcast-de-stephane-lorey-sur-hrdradio-tv\/#primaryimage"},"thumbnailUrl":"https:\/\/ambrelia.com\/wp-content\/uploads\/2021\/02\/podcast-600x600-1.webp","datePublished":"2021-03-01T08:28:00+00:00","dateModified":"2024-10-09T07:46:16+00:00","author":{"@id":"https:\/\/ambrelia.com\/fr\/#\/schema\/person\/ad558722d25b606231c04faa0526e5ee"},"description":"Interview de St\u00e9phane Lorey, Directeur d'Ambrelia, par Alain Marty sur HRDRadio.Tv","breadcrumb":{"@id":"https:\/\/ambrelia.com\/fr\/2021\/03\/podcast-de-stephane-lorey-sur-hrdradio-tv\/#breadcrumb"},"inLanguage":"fr-FR","potentialAction":[{"@type":"ReadAction","target":["https:\/\/ambrelia.com\/fr\/2021\/03\/podcast-de-stephane-lorey-sur-hrdradio-tv\/"]}]},{"@type":"ImageObject","inLanguage":"fr-FR","@id":"https:\/\/ambrelia.com\/fr\/2021\/03\/podcast-de-stephane-lorey-sur-hrdradio-tv\/#primaryimage","url":"https:\/\/ambrelia.com\/wp-content\/uploads\/2021\/02\/podcast-600x600-1.webp","contentUrl":"https:\/\/ambrelia.com\/wp-content\/uploads\/2021\/02\/podcast-600x600-1.webp","width":600,"height":600,"caption":"Podcast-600x600"},{"@type":"BreadcrumbList","@id":"https:\/\/ambrelia.com\/fr\/2021\/03\/podcast-de-stephane-lorey-sur-hrdradio-tv\/#breadcrumb","itemListElement":[{"@type":"ListItem","position":1,"name":"Accueil","item":"https:\/\/ambrelia.com\/fr\/"},{"@type":"ListItem","position":2,"name":"Podcast de St\u00e9phane Lorey sur HRDRadio.Tv"}]},{"@type":"WebSite","@id":"https:\/\/ambrelia.com\/fr\/#website","url":"https:\/\/ambrelia.com\/fr\/","name":"Ambrelia","description":"","potentialAction":[{"@type":"SearchAction","target":{"@type":"EntryPoint","urlTemplate":"https:\/\/ambrelia.com\/fr\/?s={search_term_string}"},"query-input":{"@type":"PropertyValueSpecification","valueRequired":true,"valueName":"search_term_string"}}],"inLanguage":"fr-FR"},{"@type":"Person","@id":"https:\/\/ambrelia.com\/fr\/#\/schema\/person\/ad558722d25b606231c04faa0526e5ee","name":"fabien.bertrand@neocamino.com","image":{"@type":"ImageObject","inLanguage":"fr-FR","@id":"https:\/\/secure.gravatar.com\/avatar\/3023a84949e647d3d6deae2f3b6c60f1af24fab4b3c6417a9455a1557e65d196?s=96&d=mm&r=g","url":"https:\/\/secure.gravatar.com\/avatar\/3023a84949e647d3d6deae2f3b6c60f1af24fab4b3c6417a9455a1557e65d196?s=96&d=mm&r=g","contentUrl":"https:\/\/secure.gravatar.com\/avatar\/3023a84949e647d3d6deae2f3b6c60f1af24fab4b3c6417a9455a1557e65d196?s=96&d=mm&r=g","caption":"fabien.bertrand@neocamino.com"}}]}},"_links":{"self":[{"href":"https:\/\/ambrelia.com\/fr\/wp-json\/wp\/v2\/posts\/38582","targetHints":{"allow":["GET"]}}],"collection":[{"href":"https:\/\/ambrelia.com\/fr\/wp-json\/wp\/v2\/posts"}],"about":[{"href":"https:\/\/ambrelia.com\/fr\/wp-json\/wp\/v2\/types\/post"}],"author":[{"embeddable":true,"href":"https:\/\/ambrelia.com\/fr\/wp-json\/wp\/v2\/users\/18"}],"replies":[{"embeddable":true,"href":"https:\/\/ambrelia.com\/fr\/wp-json\/wp\/v2\/comments?post=38582"}],"version-history":[{"count":1,"href":"https:\/\/ambrelia.com\/fr\/wp-json\/wp\/v2\/posts\/38582\/revisions"}],"predecessor-version":[{"id":17229217,"href":"https:\/\/ambrelia.com\/fr\/wp-json\/wp\/v2\/posts\/38582\/revisions\/17229217"}],"wp:featuredmedia":[{"embeddable":true,"href":"https:\/\/ambrelia.com\/fr\/wp-json\/wp\/v2\/media\/17229301"}],"wp:attachment":[{"href":"https:\/\/ambrelia.com\/fr\/wp-json\/wp\/v2\/media?parent=38582"}],"wp:term":[{"taxonomy":"category","embeddable":true,"href":"https:\/\/ambrelia.com\/fr\/wp-json\/wp\/v2\/categories?post=38582"},{"taxonomy":"post_tag","embeddable":true,"href":"https:\/\/ambrelia.com\/fr\/wp-json\/wp\/v2\/tags?post=38582"},{"taxonomy":"dipi_cpt_category","embeddable":true,"href":"https:\/\/ambrelia.com\/fr\/wp-json\/wp\/v2\/dipi_cpt_category?post=38582"}],"curies":[{"name":"wp","href":"https:\/\/api.w.org\/{rel}","templated":true}]}}