{"id":40383,"date":"2021-06-15T11:01:16","date_gmt":"2021-06-15T09:01:16","guid":{"rendered":"https:\/\/ambrelia.com\/?p=40383"},"modified":"2025-02-25T15:24:22","modified_gmt":"2025-02-25T15:24:22","slug":"travailler-dans-lhumanitaire-a-linternational-une-aventure","status":"publish","type":"post","link":"https:\/\/ambrelia.com\/fr\/2021\/06\/travailler-dans-lhumanitaire-a-linternational-une-aventure\/","title":{"rendered":"Travailler dans l\u2019humanitaire \u00e0 l\u2019international : une aventure"},"content":{"rendered":"\n<p class=\"has-medium-font-size\">Si vous avez toujours r\u00eav\u00e9 de <strong>travailler dans l\u2019humanitaire et partir en mission \u00e0 l\u2019international<\/strong> (et en faire votre m\u00e9tier), alors vous trouverez ici tout ce qu\u2019il faut savoir pour vous y lancer. Le secteur de l\u2019humanitaire est le seul secteur qui, malgr\u00e9 les crises successives, ne cesse de se d\u00e9velopper et de s\u2019\u00e9largir. Depuis la formation n\u00e9cessaire jusqu\u2019\u00e0 votre installation dans votre nouveau pays d\u2019accueil et votre premier jour en mission, nous vous expliquons tout !<br><br><\/p>\n\n\n\n<h2 class=\"wp-block-heading\">Les portes d\u2019entr\u00e9e<\/h2>\n\n\n\n<p class=\"has-medium-font-size\"><br>Il y a plusieurs chemins pour commencer <strong>\u00e0 travailler dans l\u2019humanitaire \u00e0 l\u2019international<\/strong> et ils d\u00e9pendent de votre profil, de votre formation et de votre exp\u00e9rience professionnelle mais aussi de votre app\u00e9tit pour l\u2019inconnu.<br>Avant tout, l\u2019humanitaire est un milieu o\u00f9 presque tous les m\u00e9tiers ont leur place : m\u00e9decin, comptable, hydraulicien, expert en communication, gestionnaire de ressources humaines, agronome, \u00e9conomiste\u2026 Le travailleur humanitaire est donc qualifi\u00e9 dans un m\u00e9tier ordinaire et qui travaille au sein d\u2019une association ou organisation non gouvernementale (ONG) dans un pays en voie de d\u00e9veloppement ou faisant face \u00e0 une crise.<br><br><\/p>\n\n\n\n<h2 class=\"wp-block-heading\">D\u00e9couvrir le milieu du volontariat<\/h2>\n\n\n\n<p class=\"has-medium-font-size\"><br>Le volontariat est une bonne option pour faire un premier pas dans l\u2019humanitaire et go\u00fbter \u00e0 l\u2019exp\u00e9rience pendant une p\u00e9riode d\u00e9termin\u00e9e avant de d\u00e9cider d\u2019en faire votre m\u00e9tier. <a href=\"https:\/\/ambrelia.com\/2020\/12\/30\/volontariat-international-humanitaire-indispensables-avant-de-partir\/\">Les volontariats encadr\u00e9s par l\u2019Etat<\/a> sont r\u00e9glement\u00e9s \u2013 vous partez au sein d\u2019une association agr\u00e9\u00e9e, percevez une indemnit\u00e9 et b\u00e9n\u00e9ficiez d\u2019une couverture sociale : Service Civique \u00e0 l\u2019\u00e9tranger, Service Volontaire Europ\u00e9en (SVE), Volontariat de Solidarit\u00e9 Internationale (VSI) ou Cong\u00e9 de Solidarit\u00e9 Internationale (CSI). Le volontariat non r\u00e9glement\u00e9 ou flexible offre une vari\u00e9t\u00e9 large de missions, associations, pays et de conditions \u2013 il vous faudra faire le tri en fonction de vos attentes.<br><br><\/p>\n\n\n\n<h2 class=\"wp-block-heading\">Formations&nbsp;: s\u2019\u00e9quiper professionnellement<\/h2>\n\n\n\n<p class=\"has-medium-font-size\"><br>Dans les r\u00e9centes d\u00e9cennies, <strong>le milieu humanitaire s\u2019est progressivement professionnalis\u00e9<\/strong> et l\u2019offre des formations sp\u00e9cifiques s\u2019est \u00e9largie. Le plus souvent, elles ciblent les possesseurs d\u2019un premier dipl\u00f4me qui cherchent \u00e0 se sp\u00e9cialiser ou \u00e0 se reconvertir. Vous trouverez ainsi des licences et Masters classiques orient\u00e9s vers la solidarit\u00e9 internationale. Les centres de formation sp\u00e9cialis\u00e9s dans l\u2019humanitaire en France ou dans les pays en voie de d\u00e9veloppement offrent la pr\u00e9paration n\u00e9cessaire et recherch\u00e9e pour d\u00e9crocher votre premi\u00e8re mission en ONG : responsable de projets eau, hygi\u00e8ne et assainissement, logisticien humanitaire, coordinateur de projet de solidarit\u00e9 internationale et locale\u2026<br><\/p>\n\n\n\n<div class=\"wp-block-buttons is-content-justification-center is-layout-flex wp-container-core-buttons-is-layout-16018d1d wp-block-buttons-is-layout-flex\">\n<div class=\"wp-block-button\"><a class=\"wp-block-button__link wp-element-button\" href=\"http:\/\/ambrelia.neocamino.fr\/5432-ong-asi-parlons-de-vos-besoins?neo_campaign=ong-asi-parlons-de-vos-besoins&amp;neo_medium=click_popup&amp;uuid=a3e65a47-0c06-4cb9-a729-be28d6dc8e42\">Parlons de vos besoins<\/a><\/div>\n<\/div>\n\n\n\n<h2 class=\"wp-block-heading\">Utilisez vos comp\u00e9tences transf\u00e9rables<\/h2>\n\n\n\n<p class=\"has-medium-font-size\"><br>Des personnes ayant d\u00e9j\u00e0 une exp\u00e9rience professionnelle solide pourront chercher \u00e0 la mettre en valeur <a href=\"https:\/\/ambrelia.com\/2020\/05\/18\/quels-profils-sont-les-plus-recherches-par-les-ong\/\">lors du recrutement par les ONG <\/a>en vue d\u2019une mission humanitaire en tant que salari\u00e9. Le processus de recrutement pour les ONG fran\u00e7aises est somme toute assez classique : vous r\u00e9pondez \u00e0 une annonce en y soumettant votre CV et une lettre qui montre votre motivation et qui met en avant votre exp\u00e9rience. Vous pourrez \u00eatre invit\u00e9 \u00e0 un test et, enfin, \u00e0 un ou plusieurs entretiens. Si vous \u00eates le candidat s\u00e9lectionn\u00e9, vous recevrez un briefing avant de partir pour vous familiariser avec votre pays de destination, les actions de l\u2019ONG sur place mais aussi votre futur contexte culturel, s\u00e9curitaire \u2026 bref, un aper\u00e7u de ce \u00e0 quoi vos prochains mois vont ressembler. Certaines ONG offrent des stages pour travailler dans leur si\u00e8ge en France, ce qui permet de mettre un premier pied dans le milieu, d\u2019apprendre \u00e0 le connaitre de l\u2019int\u00e9rieur et peut ouvrir la porte \u00e0 une premi\u00e8re mission sur le terrain.<br><\/p>\n\n\n\n<figure class=\"wp-block-image size-large\"><a href=\"https:\/\/ambrelia.com\/2020\/05\/18\/quels-profils-sont-les-plus-recherches-par-les-ong\/\"><img decoding=\"async\" src=\"https:\/\/ambrelia.com\/wp-content\/uploads\/2021\/06\/humanitarian-2723672_1920-1024x576.jpg\" alt=\"\" class=\"wp-image-40387\"\/><\/a><figcaption class=\"wp-element-caption\">QUELS PROFILS SONT LES PLUS RECHERCH\u00c9S PAR LES ONG ?<\/figcaption><\/figure>\n\n\n\n<h2 class=\"wp-block-heading\">Travailler dans l\u2019humanitaire avec une ONG locale&nbsp;:<\/h2>\n\n\n\n<p class=\"has-medium-font-size\"><br>Si vous avez l\u2019\u00e2me d\u2019un aventurier, vous pouvez aller dans le pays de votre choix par vos propres moyens et chercher votre mission sur place. Les ONG locales verront en vous une opportunit\u00e9 pour acqu\u00e9rir des comp\u00e9tences qui ne sont pas disponibles sur place. Vous vous verrez certainement offrir un b\u00e9n\u00e9volat ou un contrat de travail aux conditions locales. Cette approche est bien entendu diff\u00e9rente d\u2019un recrutement avec une ONG fran\u00e7aise ou europ\u00e9enne.<br><\/p>\n\n\n\n<h2 class=\"wp-block-heading\">Les d\u00e9buts et les \u00e9volutions<\/h2>\n\n\n\n<p class=\"has-medium-font-size\"><br>Votre carri\u00e8re au sein d\u2019une ONG pourra \u00e9voluer au fil de vos missions. Souvent la premi\u00e8re mission se fait \u00e0 un poste sur le terrain \u00e0 proximit\u00e9 des populations locales, en zones recul\u00e9es ou d\u2019acc\u00e8s difficile dans des conditions de confort variable selon les contextes. Selon vos ambitions et vos performances, vous pourrez \u00e9voluer vers des postes techniques sp\u00e9cialis\u00e9s ou vers des postes de management au sein de l\u2019ONG.<br><br><\/p>\n\n\n\n<p class=\"has-medium-font-size\">Quel que soit votre itin\u00e9raire pour d\u00e9crocher votre premi\u00e8re mission humanitaire \u00e0 l\u2019international, vous serez amen\u00e9 \u00e0 affronter des situations difficiles. Au-del\u00e0 du choc culturel, vous travaillerez dans un environnement touch\u00e9 par une catastrophe naturelle, avec une population affect\u00e9e par un conflit ou dans un pays faisant face \u00e0 une extr\u00eame pauvret\u00e9. Vous serez loin de votre famille, dans un environnement inconnu o\u00f9 vous n\u2019aurez pas de rep\u00e8res. L\u2019isolement, l\u2019inconfort, des services publics souvent inexistants, des administrations kafka\u00efennes, des syst\u00e8mes de sant\u00e9 d\u00e9faillants feront partie de votre quotidien. Mais vous trouverez aussi des nouvelles rencontres, des exp\u00e9riences enrichissantes et des paysages fascinants.<br><br>N\u2019ayez aucun doute, d\u00e8s votre arriv\u00e9e \u00e0 votre lieu de premi\u00e8re mission, vous serez \u00e9ject\u00e9 en dehors de votre zone de confort. Mais c\u2019est bien l\u00e0 que la magie op\u00e8re, n\u2019est-ce pas ?<\/p>\n\n\n\n<div class=\"wp-block-buttons is-layout-flex wp-block-buttons-is-layout-flex\">\n<div class=\"wp-block-button\"><a class=\"wp-block-button__link wp-element-button\">Je souhaite plus d&rsquo;informations <\/a><\/div>\n<\/div>\n\n\n\n<p class=\"has-large-font-size\"><a href=\"https:\/\/ambrelia.com\/blog\/\">Nos autres Articles<\/a> <\/p>\n\n\n<ul class=\"wp-block-latest-posts__list wp-block-latest-posts\"><li><a class=\"wp-block-latest-posts__post-title\" href=\"https:\/\/ambrelia.com\/fr\/2026\/04\/assurance-kr-proteger-les-entreprises-et-leurs-collaborateurs-face-aux-risques-denlevement\/\">Assurance K&amp;R : prot\u00e9ger les entreprises et leurs collaborateurs face aux risques d\u2019enl\u00e8vement<\/a><\/li>\n<li><a class=\"wp-block-latest-posts__post-title\" href=\"https:\/\/ambrelia.com\/fr\/2026\/04\/risques-a-linternational-en-2026\/\">Risques \u00e0 l\u2019international en 2026<\/a><\/li>\n<li><a class=\"wp-block-latest-posts__post-title\" href=\"https:\/\/ambrelia.com\/fr\/2026\/04\/pourquoi-prendre-une-assurance-rapatriement-lorsque-lon-part\/\">Pourquoi prendre une assurance rapatriement lorsque l\u2019on part en mission \u00e0 l\u2019\u00e9tranger ?<\/a><\/li>\n<li><a class=\"wp-block-latest-posts__post-title\" href=\"https:\/\/ambrelia.com\/fr\/2026\/04\/retrouvez-nous-a-la-conference-gisf-2026-a-londres\/\">Retrouvez-nous \u00e0 la conf\u00e9rence GISF 2026 \u00e0 Londres !<\/a><\/li>\n<li><a class=\"wp-block-latest-posts__post-title\" href=\"https:\/\/ambrelia.com\/fr\/2026\/04\/expatries-a-linternational-quels-types-dassurances\/\">Expatri\u00e9s \u00e0 l\u2019international : quels types d\u2019assurances pour s\u00e9curiser les collaborateurs des entreprises ?<\/a><\/li>\n<\/ul>\n\n\n<figure class=\"wp-block-embed is-type-video is-provider-youtube wp-block-embed-youtube wp-embed-aspect-16-9 wp-has-aspect-ratio\"><div class=\"wp-block-embed__wrapper\">\n<iframe loading=\"lazy\" title=\"Pr\u00e9sentation Ambrelia\" width=\"1080\" height=\"608\" src=\"https:\/\/www.youtube.com\/embed\/jqb8i-kdYkE?feature=oembed\"  allow=\"accelerometer; autoplay; clipboard-write; encrypted-media; gyroscope; picture-in-picture; web-share\" referrerpolicy=\"strict-origin-when-cross-origin\" allowfullscreen><\/iframe>\n<\/div><\/figure>\n\n\n","protected":false},"excerpt":{"rendered":"<p>Si vous avez toujours r\u00eav\u00e9 de travailler dans l\u2019humanitaire et partir en mission \u00e0 l\u2019international (et en faire votre m\u00e9tier), alors vous trouverez ici tout ce qu\u2019il faut savoir pour vous y lancer. Le secteur de l\u2019humanitaire est le seul secteur qui, malgr\u00e9 les crises successives, ne cesse de se d\u00e9velopper et de s\u2019\u00e9largir. Depuis [&hellip;]<\/p>\n","protected":false},"author":18,"featured_media":17229311,"comment_status":"closed","ping_status":"closed","sticky":false,"template":"","format":"standard","meta":{"_et_pb_use_builder":"","_et_pb_old_content":"","_et_gb_content_width":"","footnotes":""},"categories":[49],"tags":[],"dipi_cpt_category":[],"class_list":["post-40383","post","type-post","status-publish","format-standard","has-post-thumbnail","hentry","category-non-classe"],"yoast_head":"<!-- This site is optimized with the Yoast SEO plugin v27.4 - https:\/\/yoast.com\/product\/yoast-seo-wordpress\/ -->\n<title>Travailler dans l\u2019humanitaire \u00e0 l\u2019international : une aventure - Ambrelia<\/title>\n<meta name=\"description\" content=\"Si vous avez toujours r\u00eav\u00e9 de travailler dans l\u2019humanitaire et partir en mission \u00e0 l\u2019international (et en faire votre m\u00e9tier), alors vous trouverez ici tout ce qu\u2019il faut savoir pour vous y lancer.\" \/>\n<meta name=\"robots\" content=\"index, follow, max-snippet:-1, max-image-preview:large, max-video-preview:-1\" \/>\n<link rel=\"canonical\" href=\"https:\/\/ambrelia.com\/fr\/2021\/06\/travailler-dans-lhumanitaire-a-linternational-une-aventure\/\" \/>\n<meta property=\"og:locale\" content=\"fr_FR\" \/>\n<meta property=\"og:type\" content=\"article\" \/>\n<meta property=\"og:title\" content=\"Travailler dans l\u2019humanitaire \u00e0 l\u2019international : une aventure - Ambrelia\" \/>\n<meta property=\"og:description\" content=\"Si vous avez toujours r\u00eav\u00e9 de travailler dans l\u2019humanitaire et partir en mission \u00e0 l\u2019international (et en faire votre m\u00e9tier), alors vous trouverez ici tout ce qu\u2019il faut savoir pour vous y lancer.\" \/>\n<meta property=\"og:url\" content=\"https:\/\/ambrelia.com\/fr\/2021\/06\/travailler-dans-lhumanitaire-a-linternational-une-aventure\/\" \/>\n<meta property=\"og:site_name\" content=\"Ambrelia\" \/>\n<meta property=\"article:published_time\" content=\"2021-06-15T09:01:16+00:00\" \/>\n<meta property=\"article:modified_time\" content=\"2025-02-25T15:24:22+00:00\" \/>\n<meta property=\"og:image\" content=\"https:\/\/ambrelia.com\/wp-content\/uploads\/2021\/02\/travailler-dans-lhumanitaire-600x600-1.webp\" \/>\n\t<meta property=\"og:image:width\" content=\"600\" \/>\n\t<meta property=\"og:image:height\" content=\"600\" \/>\n\t<meta property=\"og:image:type\" content=\"image\/webp\" \/>\n<meta name=\"author\" content=\"fabien.bertrand@neocamino.com\" \/>\n<meta name=\"twitter:card\" content=\"summary_large_image\" \/>\n<meta name=\"twitter:label1\" content=\"\u00c9crit par\" \/>\n\t<meta name=\"twitter:data1\" content=\"fabien.bertrand@neocamino.com\" \/>\n\t<meta name=\"twitter:label2\" content=\"Dur\u00e9e de lecture estim\u00e9e\" \/>\n\t<meta name=\"twitter:data2\" content=\"5 minutes\" \/>\n<script type=\"application\/ld+json\" class=\"yoast-schema-graph\">{\"@context\":\"https:\\\/\\\/schema.org\",\"@graph\":[{\"@type\":\"Article\",\"@id\":\"https:\\\/\\\/ambrelia.com\\\/fr\\\/2021\\\/06\\\/travailler-dans-lhumanitaire-a-linternational-une-aventure\\\/#article\",\"isPartOf\":{\"@id\":\"https:\\\/\\\/ambrelia.com\\\/fr\\\/2021\\\/06\\\/travailler-dans-lhumanitaire-a-linternational-une-aventure\\\/\"},\"author\":{\"name\":\"fabien.bertrand@neocamino.com\",\"@id\":\"https:\\\/\\\/ambrelia.com\\\/fr\\\/#\\\/schema\\\/person\\\/ad558722d25b606231c04faa0526e5ee\"},\"headline\":\"Travailler dans l\u2019humanitaire \u00e0 l\u2019international : une aventure\",\"datePublished\":\"2021-06-15T09:01:16+00:00\",\"dateModified\":\"2025-02-25T15:24:22+00:00\",\"mainEntityOfPage\":{\"@id\":\"https:\\\/\\\/ambrelia.com\\\/fr\\\/2021\\\/06\\\/travailler-dans-lhumanitaire-a-linternational-une-aventure\\\/\"},\"wordCount\":979,\"image\":{\"@id\":\"https:\\\/\\\/ambrelia.com\\\/fr\\\/2021\\\/06\\\/travailler-dans-lhumanitaire-a-linternational-une-aventure\\\/#primaryimage\"},\"thumbnailUrl\":\"https:\\\/\\\/ambrelia.com\\\/wp-content\\\/uploads\\\/2021\\\/02\\\/travailler-dans-lhumanitaire-600x600-1.webp\",\"inLanguage\":\"fr-FR\"},{\"@type\":\"WebPage\",\"@id\":\"https:\\\/\\\/ambrelia.com\\\/fr\\\/2021\\\/06\\\/travailler-dans-lhumanitaire-a-linternational-une-aventure\\\/\",\"url\":\"https:\\\/\\\/ambrelia.com\\\/fr\\\/2021\\\/06\\\/travailler-dans-lhumanitaire-a-linternational-une-aventure\\\/\",\"name\":\"Travailler dans l\u2019humanitaire \u00e0 l\u2019international : une aventure - Ambrelia\",\"isPartOf\":{\"@id\":\"https:\\\/\\\/ambrelia.com\\\/fr\\\/#website\"},\"primaryImageOfPage\":{\"@id\":\"https:\\\/\\\/ambrelia.com\\\/fr\\\/2021\\\/06\\\/travailler-dans-lhumanitaire-a-linternational-une-aventure\\\/#primaryimage\"},\"image\":{\"@id\":\"https:\\\/\\\/ambrelia.com\\\/fr\\\/2021\\\/06\\\/travailler-dans-lhumanitaire-a-linternational-une-aventure\\\/#primaryimage\"},\"thumbnailUrl\":\"https:\\\/\\\/ambrelia.com\\\/wp-content\\\/uploads\\\/2021\\\/02\\\/travailler-dans-lhumanitaire-600x600-1.webp\",\"datePublished\":\"2021-06-15T09:01:16+00:00\",\"dateModified\":\"2025-02-25T15:24:22+00:00\",\"author\":{\"@id\":\"https:\\\/\\\/ambrelia.com\\\/fr\\\/#\\\/schema\\\/person\\\/ad558722d25b606231c04faa0526e5ee\"},\"description\":\"Si vous avez toujours r\u00eav\u00e9 de travailler dans l\u2019humanitaire et partir en mission \u00e0 l\u2019international (et en faire votre m\u00e9tier), alors vous trouverez ici tout ce qu\u2019il faut savoir pour vous y lancer.\",\"breadcrumb\":{\"@id\":\"https:\\\/\\\/ambrelia.com\\\/fr\\\/2021\\\/06\\\/travailler-dans-lhumanitaire-a-linternational-une-aventure\\\/#breadcrumb\"},\"inLanguage\":\"fr-FR\",\"potentialAction\":[{\"@type\":\"ReadAction\",\"target\":[\"https:\\\/\\\/ambrelia.com\\\/fr\\\/2021\\\/06\\\/travailler-dans-lhumanitaire-a-linternational-une-aventure\\\/\"]}]},{\"@type\":\"ImageObject\",\"inLanguage\":\"fr-FR\",\"@id\":\"https:\\\/\\\/ambrelia.com\\\/fr\\\/2021\\\/06\\\/travailler-dans-lhumanitaire-a-linternational-une-aventure\\\/#primaryimage\",\"url\":\"https:\\\/\\\/ambrelia.com\\\/wp-content\\\/uploads\\\/2021\\\/02\\\/travailler-dans-lhumanitaire-600x600-1.webp\",\"contentUrl\":\"https:\\\/\\\/ambrelia.com\\\/wp-content\\\/uploads\\\/2021\\\/02\\\/travailler-dans-lhumanitaire-600x600-1.webp\",\"width\":600,\"height\":600,\"caption\":\"Travailler-dans-lhumanitaire-600x600\"},{\"@type\":\"BreadcrumbList\",\"@id\":\"https:\\\/\\\/ambrelia.com\\\/fr\\\/2021\\\/06\\\/travailler-dans-lhumanitaire-a-linternational-une-aventure\\\/#breadcrumb\",\"itemListElement\":[{\"@type\":\"ListItem\",\"position\":1,\"name\":\"Accueil\",\"item\":\"https:\\\/\\\/ambrelia.com\\\/fr\\\/\"},{\"@type\":\"ListItem\",\"position\":2,\"name\":\"Travailler dans l\u2019humanitaire \u00e0 l\u2019international : une aventure\"}]},{\"@type\":\"WebSite\",\"@id\":\"https:\\\/\\\/ambrelia.com\\\/fr\\\/#website\",\"url\":\"https:\\\/\\\/ambrelia.com\\\/fr\\\/\",\"name\":\"Ambrelia\",\"description\":\"\",\"potentialAction\":[{\"@type\":\"SearchAction\",\"target\":{\"@type\":\"EntryPoint\",\"urlTemplate\":\"https:\\\/\\\/ambrelia.com\\\/fr\\\/?s={search_term_string}\"},\"query-input\":{\"@type\":\"PropertyValueSpecification\",\"valueRequired\":true,\"valueName\":\"search_term_string\"}}],\"inLanguage\":\"fr-FR\"},{\"@type\":\"Person\",\"@id\":\"https:\\\/\\\/ambrelia.com\\\/fr\\\/#\\\/schema\\\/person\\\/ad558722d25b606231c04faa0526e5ee\",\"name\":\"fabien.bertrand@neocamino.com\",\"image\":{\"@type\":\"ImageObject\",\"inLanguage\":\"fr-FR\",\"@id\":\"https:\\\/\\\/secure.gravatar.com\\\/avatar\\\/3023a84949e647d3d6deae2f3b6c60f1af24fab4b3c6417a9455a1557e65d196?s=96&d=mm&r=g\",\"url\":\"https:\\\/\\\/secure.gravatar.com\\\/avatar\\\/3023a84949e647d3d6deae2f3b6c60f1af24fab4b3c6417a9455a1557e65d196?s=96&d=mm&r=g\",\"contentUrl\":\"https:\\\/\\\/secure.gravatar.com\\\/avatar\\\/3023a84949e647d3d6deae2f3b6c60f1af24fab4b3c6417a9455a1557e65d196?s=96&d=mm&r=g\",\"caption\":\"fabien.bertrand@neocamino.com\"}}]}<\/script>\n<!-- \/ Yoast SEO plugin. -->","yoast_head_json":{"title":"Travailler dans l\u2019humanitaire \u00e0 l\u2019international : une aventure - Ambrelia","description":"Si vous avez toujours r\u00eav\u00e9 de travailler dans l\u2019humanitaire et partir en mission \u00e0 l\u2019international (et en faire votre m\u00e9tier), alors vous trouverez ici tout ce qu\u2019il faut savoir pour vous y lancer.","robots":{"index":"index","follow":"follow","max-snippet":"max-snippet:-1","max-image-preview":"max-image-preview:large","max-video-preview":"max-video-preview:-1"},"canonical":"https:\/\/ambrelia.com\/fr\/2021\/06\/travailler-dans-lhumanitaire-a-linternational-une-aventure\/","og_locale":"fr_FR","og_type":"article","og_title":"Travailler dans l\u2019humanitaire \u00e0 l\u2019international : une aventure - Ambrelia","og_description":"Si vous avez toujours r\u00eav\u00e9 de travailler dans l\u2019humanitaire et partir en mission \u00e0 l\u2019international (et en faire votre m\u00e9tier), alors vous trouverez ici tout ce qu\u2019il faut savoir pour vous y lancer.","og_url":"https:\/\/ambrelia.com\/fr\/2021\/06\/travailler-dans-lhumanitaire-a-linternational-une-aventure\/","og_site_name":"Ambrelia","article_published_time":"2021-06-15T09:01:16+00:00","article_modified_time":"2025-02-25T15:24:22+00:00","og_image":[{"width":600,"height":600,"url":"https:\/\/ambrelia.com\/wp-content\/uploads\/2021\/02\/travailler-dans-lhumanitaire-600x600-1.webp","type":"image\/webp"}],"author":"fabien.bertrand@neocamino.com","twitter_card":"summary_large_image","twitter_misc":{"\u00c9crit par":"fabien.bertrand@neocamino.com","Dur\u00e9e de lecture estim\u00e9e":"5 minutes"},"schema":{"@context":"https:\/\/schema.org","@graph":[{"@type":"Article","@id":"https:\/\/ambrelia.com\/fr\/2021\/06\/travailler-dans-lhumanitaire-a-linternational-une-aventure\/#article","isPartOf":{"@id":"https:\/\/ambrelia.com\/fr\/2021\/06\/travailler-dans-lhumanitaire-a-linternational-une-aventure\/"},"author":{"name":"fabien.bertrand@neocamino.com","@id":"https:\/\/ambrelia.com\/fr\/#\/schema\/person\/ad558722d25b606231c04faa0526e5ee"},"headline":"Travailler dans l\u2019humanitaire \u00e0 l\u2019international : une aventure","datePublished":"2021-06-15T09:01:16+00:00","dateModified":"2025-02-25T15:24:22+00:00","mainEntityOfPage":{"@id":"https:\/\/ambrelia.com\/fr\/2021\/06\/travailler-dans-lhumanitaire-a-linternational-une-aventure\/"},"wordCount":979,"image":{"@id":"https:\/\/ambrelia.com\/fr\/2021\/06\/travailler-dans-lhumanitaire-a-linternational-une-aventure\/#primaryimage"},"thumbnailUrl":"https:\/\/ambrelia.com\/wp-content\/uploads\/2021\/02\/travailler-dans-lhumanitaire-600x600-1.webp","inLanguage":"fr-FR"},{"@type":"WebPage","@id":"https:\/\/ambrelia.com\/fr\/2021\/06\/travailler-dans-lhumanitaire-a-linternational-une-aventure\/","url":"https:\/\/ambrelia.com\/fr\/2021\/06\/travailler-dans-lhumanitaire-a-linternational-une-aventure\/","name":"Travailler dans l\u2019humanitaire \u00e0 l\u2019international : une aventure - Ambrelia","isPartOf":{"@id":"https:\/\/ambrelia.com\/fr\/#website"},"primaryImageOfPage":{"@id":"https:\/\/ambrelia.com\/fr\/2021\/06\/travailler-dans-lhumanitaire-a-linternational-une-aventure\/#primaryimage"},"image":{"@id":"https:\/\/ambrelia.com\/fr\/2021\/06\/travailler-dans-lhumanitaire-a-linternational-une-aventure\/#primaryimage"},"thumbnailUrl":"https:\/\/ambrelia.com\/wp-content\/uploads\/2021\/02\/travailler-dans-lhumanitaire-600x600-1.webp","datePublished":"2021-06-15T09:01:16+00:00","dateModified":"2025-02-25T15:24:22+00:00","author":{"@id":"https:\/\/ambrelia.com\/fr\/#\/schema\/person\/ad558722d25b606231c04faa0526e5ee"},"description":"Si vous avez toujours r\u00eav\u00e9 de travailler dans l\u2019humanitaire et partir en mission \u00e0 l\u2019international (et en faire votre m\u00e9tier), alors vous trouverez ici tout ce qu\u2019il faut savoir pour vous y lancer.","breadcrumb":{"@id":"https:\/\/ambrelia.com\/fr\/2021\/06\/travailler-dans-lhumanitaire-a-linternational-une-aventure\/#breadcrumb"},"inLanguage":"fr-FR","potentialAction":[{"@type":"ReadAction","target":["https:\/\/ambrelia.com\/fr\/2021\/06\/travailler-dans-lhumanitaire-a-linternational-une-aventure\/"]}]},{"@type":"ImageObject","inLanguage":"fr-FR","@id":"https:\/\/ambrelia.com\/fr\/2021\/06\/travailler-dans-lhumanitaire-a-linternational-une-aventure\/#primaryimage","url":"https:\/\/ambrelia.com\/wp-content\/uploads\/2021\/02\/travailler-dans-lhumanitaire-600x600-1.webp","contentUrl":"https:\/\/ambrelia.com\/wp-content\/uploads\/2021\/02\/travailler-dans-lhumanitaire-600x600-1.webp","width":600,"height":600,"caption":"Travailler-dans-lhumanitaire-600x600"},{"@type":"BreadcrumbList","@id":"https:\/\/ambrelia.com\/fr\/2021\/06\/travailler-dans-lhumanitaire-a-linternational-une-aventure\/#breadcrumb","itemListElement":[{"@type":"ListItem","position":1,"name":"Accueil","item":"https:\/\/ambrelia.com\/fr\/"},{"@type":"ListItem","position":2,"name":"Travailler dans l\u2019humanitaire \u00e0 l\u2019international : une aventure"}]},{"@type":"WebSite","@id":"https:\/\/ambrelia.com\/fr\/#website","url":"https:\/\/ambrelia.com\/fr\/","name":"Ambrelia","description":"","potentialAction":[{"@type":"SearchAction","target":{"@type":"EntryPoint","urlTemplate":"https:\/\/ambrelia.com\/fr\/?s={search_term_string}"},"query-input":{"@type":"PropertyValueSpecification","valueRequired":true,"valueName":"search_term_string"}}],"inLanguage":"fr-FR"},{"@type":"Person","@id":"https:\/\/ambrelia.com\/fr\/#\/schema\/person\/ad558722d25b606231c04faa0526e5ee","name":"fabien.bertrand@neocamino.com","image":{"@type":"ImageObject","inLanguage":"fr-FR","@id":"https:\/\/secure.gravatar.com\/avatar\/3023a84949e647d3d6deae2f3b6c60f1af24fab4b3c6417a9455a1557e65d196?s=96&d=mm&r=g","url":"https:\/\/secure.gravatar.com\/avatar\/3023a84949e647d3d6deae2f3b6c60f1af24fab4b3c6417a9455a1557e65d196?s=96&d=mm&r=g","contentUrl":"https:\/\/secure.gravatar.com\/avatar\/3023a84949e647d3d6deae2f3b6c60f1af24fab4b3c6417a9455a1557e65d196?s=96&d=mm&r=g","caption":"fabien.bertrand@neocamino.com"}}]}},"_links":{"self":[{"href":"https:\/\/ambrelia.com\/fr\/wp-json\/wp\/v2\/posts\/40383","targetHints":{"allow":["GET"]}}],"collection":[{"href":"https:\/\/ambrelia.com\/fr\/wp-json\/wp\/v2\/posts"}],"about":[{"href":"https:\/\/ambrelia.com\/fr\/wp-json\/wp\/v2\/types\/post"}],"author":[{"embeddable":true,"href":"https:\/\/ambrelia.com\/fr\/wp-json\/wp\/v2\/users\/18"}],"replies":[{"embeddable":true,"href":"https:\/\/ambrelia.com\/fr\/wp-json\/wp\/v2\/comments?post=40383"}],"version-history":[{"count":2,"href":"https:\/\/ambrelia.com\/fr\/wp-json\/wp\/v2\/posts\/40383\/revisions"}],"predecessor-version":[{"id":17231600,"href":"https:\/\/ambrelia.com\/fr\/wp-json\/wp\/v2\/posts\/40383\/revisions\/17231600"}],"wp:featuredmedia":[{"embeddable":true,"href":"https:\/\/ambrelia.com\/fr\/wp-json\/wp\/v2\/media\/17229311"}],"wp:attachment":[{"href":"https:\/\/ambrelia.com\/fr\/wp-json\/wp\/v2\/media?parent=40383"}],"wp:term":[{"taxonomy":"category","embeddable":true,"href":"https:\/\/ambrelia.com\/fr\/wp-json\/wp\/v2\/categories?post=40383"},{"taxonomy":"post_tag","embeddable":true,"href":"https:\/\/ambrelia.com\/fr\/wp-json\/wp\/v2\/tags?post=40383"},{"taxonomy":"dipi_cpt_category","embeddable":true,"href":"https:\/\/ambrelia.com\/fr\/wp-json\/wp\/v2\/dipi_cpt_category?post=40383"}],"curies":[{"name":"wp","href":"https:\/\/api.w.org\/{rel}","templated":true}]}}