{"id":45879,"date":"2022-05-20T16:30:55","date_gmt":"2022-05-20T14:30:55","guid":{"rendered":"https:\/\/ambrelia.com\/?p=45879"},"modified":"2024-10-09T08:42:40","modified_gmt":"2024-10-09T08:42:40","slug":"atelier-humanitaires-en-ukraine","status":"publish","type":"post","link":"https:\/\/ambrelia.com\/fr\/2022\/05\/atelier-humanitaires-en-ukraine\/","title":{"rendered":"Atelier \u00ab\u00a0Humanitaires en Ukraine\u00a0\u00bb le 14 juin 2022"},"content":{"rendered":"\n<h2 class=\"wp-block-heading\">Comment prot\u00e9ger les \u00e9quipes humanitaires en Ukraine ?<\/h2>\n\n\n\n<p class=\"has-medium-font-size\">Pour venir en aide \u00e0 la population civile en Ukraine, de nombreuses ONG et Associations ont lanc\u00e9 des missions sur le territoire ukrainien. Des \u00e9quipes humanitaires se d\u00e9placent et op\u00e8rent dans des zones complexes et dangereuses.<\/p>\n\n\n\n<p class=\"has-medium-font-size\">Face aux dangers, la protection des collaborateurs est primordiale.<\/p>\n\n\n\n<p class=\"has-medium-font-size\">Lors de notre atelier, nous apporterons des r\u00e9ponses aux questions que se posent chaque ONG et ASI :<\/p>\n\n\n\n<p class=\"has-medium-font-size\"><strong>Comment assurer la sant\u00e9 et la s\u00e9curit\u00e9 des \u00e9quipes humanitaires en Ukraine ?<\/strong><\/p>\n\n\n\n<p class=\"has-medium-font-size\"><strong>Comment les \u00e9vacuer en cas d\u2019urgence&nbsp;?<\/strong><\/p>\n\n\n\n<p class=\"has-medium-font-size\"><strong>Ambrelia et International SOS vous invitent<\/strong> \u00e0 b\u00e9n\u00e9ficier de l\u2019expertise de sp\u00e9cialistes en Sant\u00e9 et en S\u00e9curit\u00e9 et de leur partage d\u2019exp\u00e9rience autour d\u2019un petit-d\u00e9jeuner le <strong>mardi 14 juin \u00e0 l&rsquo;Accor Arena, Paris.<\/strong><\/p>\n\n\n\n<div class=\"wp-block-buttons aligncenter is-layout-flex wp-block-buttons-is-layout-flex\">\n<div class=\"wp-block-button\"><a class=\"wp-block-button__link has-luminous-vivid-orange-background-color has-background\" href=\"https:\/\/ambrelia.com\/2022\/06\/24\/humanitaires-en-ukraine-comment-maintenir-vos-operations-dans-un-contexte-incertain\/\">Retrouvez les informations \u00e9chang\u00e9es pendant cet atelier <\/a><\/div>\n<\/div>\n\n\n\n<div class=\"wp-block-image\"><figure class=\"aligncenter size-large\"><a href=\"http:\/\/ambrelia.neocamino.fr\/7670-oui-je-souhaite-m-inscrire-a-l-atelier-du-14-juin-2022-a-9h00?neo_campaign=inscription-atelier-petit-dejeuner&amp;neo_medium=click_popup&amp;uuid=bb8066fd-460b-422f-8019-dede24042f63\"><img decoding=\"async\" src=\"https:\/\/ambrelia.com\/wp-content\/uploads\/2022\/05\/Invitation-Ukraine_juin-2022.png\" alt=\"\" class=\"wp-image-45885\"\/><\/a><\/figure><\/div>\n\n\n\n<div class=\"wp-block-buttons aligncenter is-layout-flex wp-block-buttons-is-layout-flex\">\n<div class=\"wp-block-button\"><a class=\"wp-block-button__link has-luminous-vivid-orange-background-color has-background\" href=\"https:\/\/ambrelia.com\/2022\/06\/24\/humanitaires-en-ukraine-comment-maintenir-vos-operations-dans-un-contexte-incertain\/\">Retrouvez les informations \u00e9chang\u00e9es pendant cet atelier <\/a><\/div>\n<\/div>\n\n\n\n<h2 class=\"wp-block-heading\">A lire aussi : <a href=\"https:\/\/ambrelia.com\/2022\/03\/28\/organiser-une-evacuation-medicale-pour-des-humanitaires-bases-en-ukraine\/\">Organiser une \u00e9vacuation m\u00e9dicale pour des humanitaires bas\u00e9s en Ukraine <\/a><\/h2>\n\n\n\n<p><\/p>\n\n\n\n<h2 class=\"wp-block-heading\">Retrouvez nos articles r\u00e9cents<\/h2>\n\n\n<ul class=\"wp-block-latest-posts__list wp-block-latest-posts\"><li><a class=\"wp-block-latest-posts__post-title\" href=\"https:\/\/ambrelia.com\/fr\/2026\/04\/assurance-kr-proteger-les-entreprises-et-leurs-collaborateurs-face-aux-risques-denlevement\/\">Assurance K&amp;R : prot\u00e9ger les entreprises et leurs collaborateurs face aux risques d\u2019enl\u00e8vement<\/a><\/li>\n<li><a class=\"wp-block-latest-posts__post-title\" href=\"https:\/\/ambrelia.com\/fr\/2026\/04\/risques-a-linternational-en-2026\/\">Risques \u00e0 l\u2019international en 2026<\/a><\/li>\n<li><a class=\"wp-block-latest-posts__post-title\" href=\"https:\/\/ambrelia.com\/fr\/2026\/04\/pourquoi-prendre-une-assurance-rapatriement-lorsque-lon-part\/\">Pourquoi prendre une assurance rapatriement lorsque l\u2019on part en mission \u00e0 l\u2019\u00e9tranger ?<\/a><\/li>\n<li><a class=\"wp-block-latest-posts__post-title\" href=\"https:\/\/ambrelia.com\/fr\/2026\/04\/retrouvez-nous-a-la-conference-gisf-2026-a-londres\/\">Retrouvez-nous \u00e0 la conf\u00e9rence GISF 2026 \u00e0 Londres !<\/a><\/li>\n<li><a class=\"wp-block-latest-posts__post-title\" href=\"https:\/\/ambrelia.com\/fr\/2026\/04\/expatries-a-linternational-quels-types-dassurances\/\">Expatri\u00e9s \u00e0 l\u2019international : quels types d\u2019assurances pour s\u00e9curiser les collaborateurs des entreprises ?<\/a><\/li>\n<\/ul>","protected":false},"excerpt":{"rendered":"<p>Comment prot\u00e9ger les \u00e9quipes humanitaires en Ukraine ? Pour venir en aide \u00e0 la population civile en Ukraine, de nombreuses ONG et Associations ont lanc\u00e9 des missions sur le territoire ukrainien. Des \u00e9quipes humanitaires se d\u00e9placent et op\u00e8rent dans des zones complexes et dangereuses. Face aux dangers, la protection des collaborateurs est primordiale. Lors de [&hellip;]<\/p>\n","protected":false},"author":18,"featured_media":17229327,"comment_status":"closed","ping_status":"closed","sticky":false,"template":"","format":"standard","meta":{"_et_pb_use_builder":"","_et_pb_old_content":"","_et_gb_content_width":"","footnotes":""},"categories":[49],"tags":[],"dipi_cpt_category":[],"class_list":["post-45879","post","type-post","status-publish","format-standard","has-post-thumbnail","hentry","category-non-classe"],"yoast_head":"<!-- This site is optimized with the Yoast SEO plugin v27.4 - https:\/\/yoast.com\/product\/yoast-seo-wordpress\/ -->\n<title>Atelier &quot;Humanitaires en Ukraine&quot; le 14 juin 2022 - Ambrelia<\/title>\n<meta name=\"description\" content=\"De nombreuses ONG et Associations ont lanc\u00e9 des missions humanitaires en Ukraine. Comment prot\u00e9ger leurs \u00e9quipes ?\" \/>\n<meta name=\"robots\" content=\"index, follow, max-snippet:-1, max-image-preview:large, max-video-preview:-1\" \/>\n<link rel=\"canonical\" href=\"https:\/\/ambrelia.com\/fr\/2022\/05\/atelier-humanitaires-en-ukraine\/\" \/>\n<meta property=\"og:locale\" content=\"fr_FR\" \/>\n<meta property=\"og:type\" content=\"article\" \/>\n<meta property=\"og:title\" content=\"Atelier &quot;Humanitaires en Ukraine&quot; le 14 juin 2022 - Ambrelia\" \/>\n<meta property=\"og:description\" content=\"De nombreuses ONG et Associations ont lanc\u00e9 des missions humanitaires en Ukraine. Comment prot\u00e9ger leurs \u00e9quipes ?\" \/>\n<meta property=\"og:url\" content=\"https:\/\/ambrelia.com\/fr\/2022\/05\/atelier-humanitaires-en-ukraine\/\" \/>\n<meta property=\"og:site_name\" content=\"Ambrelia\" \/>\n<meta property=\"article:published_time\" content=\"2022-05-20T14:30:55+00:00\" \/>\n<meta property=\"article:modified_time\" content=\"2024-10-09T08:42:40+00:00\" \/>\n<meta property=\"og:image\" content=\"https:\/\/ambrelia.com\/wp-content\/uploads\/2021\/12\/atelier-humanitaires-en-ukraine-2022.webp\" \/>\n\t<meta property=\"og:image:width\" content=\"1080\" \/>\n\t<meta property=\"og:image:height\" content=\"1080\" \/>\n\t<meta property=\"og:image:type\" content=\"image\/webp\" \/>\n<meta name=\"author\" content=\"fabien.bertrand@neocamino.com\" \/>\n<meta name=\"twitter:card\" content=\"summary_large_image\" \/>\n<meta name=\"twitter:label1\" content=\"\u00c9crit par\" \/>\n\t<meta name=\"twitter:data1\" content=\"fabien.bertrand@neocamino.com\" \/>\n\t<meta name=\"twitter:label2\" content=\"Dur\u00e9e de lecture estim\u00e9e\" \/>\n\t<meta name=\"twitter:data2\" content=\"1 minute\" \/>\n<script type=\"application\/ld+json\" class=\"yoast-schema-graph\">{\"@context\":\"https:\\\/\\\/schema.org\",\"@graph\":[{\"@type\":\"Article\",\"@id\":\"https:\\\/\\\/ambrelia.com\\\/fr\\\/2022\\\/05\\\/atelier-humanitaires-en-ukraine\\\/#article\",\"isPartOf\":{\"@id\":\"https:\\\/\\\/ambrelia.com\\\/fr\\\/2022\\\/05\\\/atelier-humanitaires-en-ukraine\\\/\"},\"author\":{\"name\":\"fabien.bertrand@neocamino.com\",\"@id\":\"https:\\\/\\\/ambrelia.com\\\/fr\\\/#\\\/schema\\\/person\\\/ad558722d25b606231c04faa0526e5ee\"},\"headline\":\"Atelier \u00ab\u00a0Humanitaires en Ukraine\u00a0\u00bb le 14 juin 2022\",\"datePublished\":\"2022-05-20T14:30:55+00:00\",\"dateModified\":\"2024-10-09T08:42:40+00:00\",\"mainEntityOfPage\":{\"@id\":\"https:\\\/\\\/ambrelia.com\\\/fr\\\/2022\\\/05\\\/atelier-humanitaires-en-ukraine\\\/\"},\"wordCount\":175,\"image\":{\"@id\":\"https:\\\/\\\/ambrelia.com\\\/fr\\\/2022\\\/05\\\/atelier-humanitaires-en-ukraine\\\/#primaryimage\"},\"thumbnailUrl\":\"https:\\\/\\\/ambrelia.com\\\/wp-content\\\/uploads\\\/2021\\\/12\\\/atelier-humanitaires-en-ukraine-2022.webp\",\"inLanguage\":\"fr-FR\"},{\"@type\":\"WebPage\",\"@id\":\"https:\\\/\\\/ambrelia.com\\\/fr\\\/2022\\\/05\\\/atelier-humanitaires-en-ukraine\\\/\",\"url\":\"https:\\\/\\\/ambrelia.com\\\/fr\\\/2022\\\/05\\\/atelier-humanitaires-en-ukraine\\\/\",\"name\":\"Atelier \\\"Humanitaires en Ukraine\\\" le 14 juin 2022 - Ambrelia\",\"isPartOf\":{\"@id\":\"https:\\\/\\\/ambrelia.com\\\/fr\\\/#website\"},\"primaryImageOfPage\":{\"@id\":\"https:\\\/\\\/ambrelia.com\\\/fr\\\/2022\\\/05\\\/atelier-humanitaires-en-ukraine\\\/#primaryimage\"},\"image\":{\"@id\":\"https:\\\/\\\/ambrelia.com\\\/fr\\\/2022\\\/05\\\/atelier-humanitaires-en-ukraine\\\/#primaryimage\"},\"thumbnailUrl\":\"https:\\\/\\\/ambrelia.com\\\/wp-content\\\/uploads\\\/2021\\\/12\\\/atelier-humanitaires-en-ukraine-2022.webp\",\"datePublished\":\"2022-05-20T14:30:55+00:00\",\"dateModified\":\"2024-10-09T08:42:40+00:00\",\"author\":{\"@id\":\"https:\\\/\\\/ambrelia.com\\\/fr\\\/#\\\/schema\\\/person\\\/ad558722d25b606231c04faa0526e5ee\"},\"description\":\"De nombreuses ONG et Associations ont lanc\u00e9 des missions humanitaires en Ukraine. Comment prot\u00e9ger leurs \u00e9quipes ?\",\"breadcrumb\":{\"@id\":\"https:\\\/\\\/ambrelia.com\\\/fr\\\/2022\\\/05\\\/atelier-humanitaires-en-ukraine\\\/#breadcrumb\"},\"inLanguage\":\"fr-FR\",\"potentialAction\":[{\"@type\":\"ReadAction\",\"target\":[\"https:\\\/\\\/ambrelia.com\\\/fr\\\/2022\\\/05\\\/atelier-humanitaires-en-ukraine\\\/\"]}]},{\"@type\":\"ImageObject\",\"inLanguage\":\"fr-FR\",\"@id\":\"https:\\\/\\\/ambrelia.com\\\/fr\\\/2022\\\/05\\\/atelier-humanitaires-en-ukraine\\\/#primaryimage\",\"url\":\"https:\\\/\\\/ambrelia.com\\\/wp-content\\\/uploads\\\/2021\\\/12\\\/atelier-humanitaires-en-ukraine-2022.webp\",\"contentUrl\":\"https:\\\/\\\/ambrelia.com\\\/wp-content\\\/uploads\\\/2021\\\/12\\\/atelier-humanitaires-en-ukraine-2022.webp\",\"width\":1080,\"height\":1080,\"caption\":\"Atelier-Humanitaires-en-Ukraine-2022\"},{\"@type\":\"BreadcrumbList\",\"@id\":\"https:\\\/\\\/ambrelia.com\\\/fr\\\/2022\\\/05\\\/atelier-humanitaires-en-ukraine\\\/#breadcrumb\",\"itemListElement\":[{\"@type\":\"ListItem\",\"position\":1,\"name\":\"Accueil\",\"item\":\"https:\\\/\\\/ambrelia.com\\\/fr\\\/\"},{\"@type\":\"ListItem\",\"position\":2,\"name\":\"Atelier \u00ab\u00a0Humanitaires en Ukraine\u00a0\u00bb le 14 juin 2022\"}]},{\"@type\":\"WebSite\",\"@id\":\"https:\\\/\\\/ambrelia.com\\\/fr\\\/#website\",\"url\":\"https:\\\/\\\/ambrelia.com\\\/fr\\\/\",\"name\":\"Ambrelia\",\"description\":\"\",\"potentialAction\":[{\"@type\":\"SearchAction\",\"target\":{\"@type\":\"EntryPoint\",\"urlTemplate\":\"https:\\\/\\\/ambrelia.com\\\/fr\\\/?s={search_term_string}\"},\"query-input\":{\"@type\":\"PropertyValueSpecification\",\"valueRequired\":true,\"valueName\":\"search_term_string\"}}],\"inLanguage\":\"fr-FR\"},{\"@type\":\"Person\",\"@id\":\"https:\\\/\\\/ambrelia.com\\\/fr\\\/#\\\/schema\\\/person\\\/ad558722d25b606231c04faa0526e5ee\",\"name\":\"fabien.bertrand@neocamino.com\",\"image\":{\"@type\":\"ImageObject\",\"inLanguage\":\"fr-FR\",\"@id\":\"https:\\\/\\\/secure.gravatar.com\\\/avatar\\\/3023a84949e647d3d6deae2f3b6c60f1af24fab4b3c6417a9455a1557e65d196?s=96&d=mm&r=g\",\"url\":\"https:\\\/\\\/secure.gravatar.com\\\/avatar\\\/3023a84949e647d3d6deae2f3b6c60f1af24fab4b3c6417a9455a1557e65d196?s=96&d=mm&r=g\",\"contentUrl\":\"https:\\\/\\\/secure.gravatar.com\\\/avatar\\\/3023a84949e647d3d6deae2f3b6c60f1af24fab4b3c6417a9455a1557e65d196?s=96&d=mm&r=g\",\"caption\":\"fabien.bertrand@neocamino.com\"}}]}<\/script>\n<!-- \/ Yoast SEO plugin. -->","yoast_head_json":{"title":"Atelier \"Humanitaires en Ukraine\" le 14 juin 2022 - Ambrelia","description":"De nombreuses ONG et Associations ont lanc\u00e9 des missions humanitaires en Ukraine. Comment prot\u00e9ger leurs \u00e9quipes ?","robots":{"index":"index","follow":"follow","max-snippet":"max-snippet:-1","max-image-preview":"max-image-preview:large","max-video-preview":"max-video-preview:-1"},"canonical":"https:\/\/ambrelia.com\/fr\/2022\/05\/atelier-humanitaires-en-ukraine\/","og_locale":"fr_FR","og_type":"article","og_title":"Atelier \"Humanitaires en Ukraine\" le 14 juin 2022 - Ambrelia","og_description":"De nombreuses ONG et Associations ont lanc\u00e9 des missions humanitaires en Ukraine. Comment prot\u00e9ger leurs \u00e9quipes ?","og_url":"https:\/\/ambrelia.com\/fr\/2022\/05\/atelier-humanitaires-en-ukraine\/","og_site_name":"Ambrelia","article_published_time":"2022-05-20T14:30:55+00:00","article_modified_time":"2024-10-09T08:42:40+00:00","og_image":[{"width":1080,"height":1080,"url":"https:\/\/ambrelia.com\/wp-content\/uploads\/2021\/12\/atelier-humanitaires-en-ukraine-2022.webp","type":"image\/webp"}],"author":"fabien.bertrand@neocamino.com","twitter_card":"summary_large_image","twitter_misc":{"\u00c9crit par":"fabien.bertrand@neocamino.com","Dur\u00e9e de lecture estim\u00e9e":"1 minute"},"schema":{"@context":"https:\/\/schema.org","@graph":[{"@type":"Article","@id":"https:\/\/ambrelia.com\/fr\/2022\/05\/atelier-humanitaires-en-ukraine\/#article","isPartOf":{"@id":"https:\/\/ambrelia.com\/fr\/2022\/05\/atelier-humanitaires-en-ukraine\/"},"author":{"name":"fabien.bertrand@neocamino.com","@id":"https:\/\/ambrelia.com\/fr\/#\/schema\/person\/ad558722d25b606231c04faa0526e5ee"},"headline":"Atelier \u00ab\u00a0Humanitaires en Ukraine\u00a0\u00bb le 14 juin 2022","datePublished":"2022-05-20T14:30:55+00:00","dateModified":"2024-10-09T08:42:40+00:00","mainEntityOfPage":{"@id":"https:\/\/ambrelia.com\/fr\/2022\/05\/atelier-humanitaires-en-ukraine\/"},"wordCount":175,"image":{"@id":"https:\/\/ambrelia.com\/fr\/2022\/05\/atelier-humanitaires-en-ukraine\/#primaryimage"},"thumbnailUrl":"https:\/\/ambrelia.com\/wp-content\/uploads\/2021\/12\/atelier-humanitaires-en-ukraine-2022.webp","inLanguage":"fr-FR"},{"@type":"WebPage","@id":"https:\/\/ambrelia.com\/fr\/2022\/05\/atelier-humanitaires-en-ukraine\/","url":"https:\/\/ambrelia.com\/fr\/2022\/05\/atelier-humanitaires-en-ukraine\/","name":"Atelier \"Humanitaires en Ukraine\" le 14 juin 2022 - Ambrelia","isPartOf":{"@id":"https:\/\/ambrelia.com\/fr\/#website"},"primaryImageOfPage":{"@id":"https:\/\/ambrelia.com\/fr\/2022\/05\/atelier-humanitaires-en-ukraine\/#primaryimage"},"image":{"@id":"https:\/\/ambrelia.com\/fr\/2022\/05\/atelier-humanitaires-en-ukraine\/#primaryimage"},"thumbnailUrl":"https:\/\/ambrelia.com\/wp-content\/uploads\/2021\/12\/atelier-humanitaires-en-ukraine-2022.webp","datePublished":"2022-05-20T14:30:55+00:00","dateModified":"2024-10-09T08:42:40+00:00","author":{"@id":"https:\/\/ambrelia.com\/fr\/#\/schema\/person\/ad558722d25b606231c04faa0526e5ee"},"description":"De nombreuses ONG et Associations ont lanc\u00e9 des missions humanitaires en Ukraine. Comment prot\u00e9ger leurs \u00e9quipes ?","breadcrumb":{"@id":"https:\/\/ambrelia.com\/fr\/2022\/05\/atelier-humanitaires-en-ukraine\/#breadcrumb"},"inLanguage":"fr-FR","potentialAction":[{"@type":"ReadAction","target":["https:\/\/ambrelia.com\/fr\/2022\/05\/atelier-humanitaires-en-ukraine\/"]}]},{"@type":"ImageObject","inLanguage":"fr-FR","@id":"https:\/\/ambrelia.com\/fr\/2022\/05\/atelier-humanitaires-en-ukraine\/#primaryimage","url":"https:\/\/ambrelia.com\/wp-content\/uploads\/2021\/12\/atelier-humanitaires-en-ukraine-2022.webp","contentUrl":"https:\/\/ambrelia.com\/wp-content\/uploads\/2021\/12\/atelier-humanitaires-en-ukraine-2022.webp","width":1080,"height":1080,"caption":"Atelier-Humanitaires-en-Ukraine-2022"},{"@type":"BreadcrumbList","@id":"https:\/\/ambrelia.com\/fr\/2022\/05\/atelier-humanitaires-en-ukraine\/#breadcrumb","itemListElement":[{"@type":"ListItem","position":1,"name":"Accueil","item":"https:\/\/ambrelia.com\/fr\/"},{"@type":"ListItem","position":2,"name":"Atelier \u00ab\u00a0Humanitaires en Ukraine\u00a0\u00bb le 14 juin 2022"}]},{"@type":"WebSite","@id":"https:\/\/ambrelia.com\/fr\/#website","url":"https:\/\/ambrelia.com\/fr\/","name":"Ambrelia","description":"","potentialAction":[{"@type":"SearchAction","target":{"@type":"EntryPoint","urlTemplate":"https:\/\/ambrelia.com\/fr\/?s={search_term_string}"},"query-input":{"@type":"PropertyValueSpecification","valueRequired":true,"valueName":"search_term_string"}}],"inLanguage":"fr-FR"},{"@type":"Person","@id":"https:\/\/ambrelia.com\/fr\/#\/schema\/person\/ad558722d25b606231c04faa0526e5ee","name":"fabien.bertrand@neocamino.com","image":{"@type":"ImageObject","inLanguage":"fr-FR","@id":"https:\/\/secure.gravatar.com\/avatar\/3023a84949e647d3d6deae2f3b6c60f1af24fab4b3c6417a9455a1557e65d196?s=96&d=mm&r=g","url":"https:\/\/secure.gravatar.com\/avatar\/3023a84949e647d3d6deae2f3b6c60f1af24fab4b3c6417a9455a1557e65d196?s=96&d=mm&r=g","contentUrl":"https:\/\/secure.gravatar.com\/avatar\/3023a84949e647d3d6deae2f3b6c60f1af24fab4b3c6417a9455a1557e65d196?s=96&d=mm&r=g","caption":"fabien.bertrand@neocamino.com"}}]}},"_links":{"self":[{"href":"https:\/\/ambrelia.com\/fr\/wp-json\/wp\/v2\/posts\/45879","targetHints":{"allow":["GET"]}}],"collection":[{"href":"https:\/\/ambrelia.com\/fr\/wp-json\/wp\/v2\/posts"}],"about":[{"href":"https:\/\/ambrelia.com\/fr\/wp-json\/wp\/v2\/types\/post"}],"author":[{"embeddable":true,"href":"https:\/\/ambrelia.com\/fr\/wp-json\/wp\/v2\/users\/18"}],"replies":[{"embeddable":true,"href":"https:\/\/ambrelia.com\/fr\/wp-json\/wp\/v2\/comments?post=45879"}],"version-history":[{"count":1,"href":"https:\/\/ambrelia.com\/fr\/wp-json\/wp\/v2\/posts\/45879\/revisions"}],"predecessor-version":[{"id":17229201,"href":"https:\/\/ambrelia.com\/fr\/wp-json\/wp\/v2\/posts\/45879\/revisions\/17229201"}],"wp:featuredmedia":[{"embeddable":true,"href":"https:\/\/ambrelia.com\/fr\/wp-json\/wp\/v2\/media\/17229327"}],"wp:attachment":[{"href":"https:\/\/ambrelia.com\/fr\/wp-json\/wp\/v2\/media?parent=45879"}],"wp:term":[{"taxonomy":"category","embeddable":true,"href":"https:\/\/ambrelia.com\/fr\/wp-json\/wp\/v2\/categories?post=45879"},{"taxonomy":"post_tag","embeddable":true,"href":"https:\/\/ambrelia.com\/fr\/wp-json\/wp\/v2\/tags?post=45879"},{"taxonomy":"dipi_cpt_category","embeddable":true,"href":"https:\/\/ambrelia.com\/fr\/wp-json\/wp\/v2\/dipi_cpt_category?post=45879"}],"curies":[{"name":"wp","href":"https:\/\/api.w.org\/{rel}","templated":true}]}}