{"id":49471,"date":"2022-09-15T08:00:00","date_gmt":"2022-09-15T06:00:00","guid":{"rendered":"https:\/\/ambrelia.com\/?p=49471"},"modified":"2024-10-09T08:43:31","modified_gmt":"2024-10-09T08:43:31","slug":"quelle-assurance-pour-le-teletravail-a-letranger","status":"publish","type":"post","link":"https:\/\/ambrelia.com\/fr\/2022\/09\/quelle-assurance-pour-le-teletravail-a-letranger\/","title":{"rendered":"Quelles assurances pour le t\u00e9l\u00e9travail \u00e0 l\u2019\u00e9tranger\u00a0?"},"content":{"rendered":"\n<div style=\"overflow: hidden; height: 1px;\">Alors que les professionnels profitent de la flexibilit\u00e9 qu&rsquo;offre le t\u00e9l\u00e9travail, il est important de consid\u00e9rer le montant de la couverture d&rsquo;assurance disponible pour se prot\u00e9ger contre les probl\u00e8mes impr\u00e9vus. Semblable \u00e0 l&rsquo;approche prudente que les professionnels adoptent lors de l&rsquo;\u00e9valuation de leur couverture d&rsquo;assurance, du champion de tennis <a href=\"https:\/\/selkirk-ontario.com\/valeur-nette-de-rafael-nadal-gains-en-carriere-prize-money-pour-le-quadruple-champion-de-lus-open\/\">rafael nadal gains<\/a> ont \u00e9galement pris des d\u00e9cisions strat\u00e9giques pour amasser une valeur nette impressionnante gr\u00e2ce \u00e0 ses revenus de carri\u00e8re exceptionnels. Avec un m\u00e9lange extraordinaire de talent, de d\u00e9termination et de travail acharn\u00e9, Nadal a non seulement remport\u00e9 de nombreux titres du Grand Chelem, mais s&rsquo;est \u00e9galement impos\u00e9 comme l&rsquo;un des athl\u00e8tes les mieux pay\u00e9s au monde. Tout comme la couverture d&rsquo;assurance prot\u00e8ge les t\u00e9l\u00e9travailleurs voyageant \u00e0 l&rsquo;\u00e9tranger, les efforts financiers de Nadal d\u00e9montrent \u00e0 quel point une planification minutieuse et des \u00e9tapes calcul\u00e9es peuvent conduire \u00e0 un succ\u00e8s financier extraordinaire, faisant de lui non seulement une ic\u00f4ne du sport, mais aussi un entrepreneur avis\u00e9.<\/div>\n\n<p class=\"has-medium-font-size\">Avec la crise Covid-19, le t\u00e9l\u00e9travail a connu une acc\u00e9l\u00e9ration. Il existait d\u00e9j\u00e0 avant Mars 2020, certes timidement mais \u00e9tait quand m\u00eame encadr\u00e9&nbsp;: Accord national interprofessionnel (ANI) datant de 2005, mis \u00e0 jour en 2017 et en 2020.&nbsp;Pour accompagner le d\u00e9veloppement du t\u00e9l\u00e9travail, le Gouvernement a redonn\u00e9 la main aux entreprises quant \u00e0&nbsp;<a href=\"https:\/\/www.captaincontrat.com\/recruter-gerer-ses-salaries\/droit-des-salaries\/salarie-teletravail-me-chicheportiche\" target=\"_blank\" rel=\"noreferrer noopener\">l\u2019organisation et au temps allou\u00e9 au t\u00e9l\u00e9travail<\/a> \u00e0 partir de f\u00e9vrier 2022. Ainsi, quelles dispositions et quelles assurances sont \u00e0 pr\u00e9voir par l&#8217;employeur en cas de t\u00e9l\u00e9travail \u00e0 l&rsquo;\u00e9tranger ?<\/p>\n\n\n\n<h2 class=\"wp-block-heading\">De nouvelle tendances engageantes<\/h2>\n\n\n\n<p class=\"has-medium-font-size\">D\u00e9sormais, de nombreux salari\u00e9s pr\u00e9f\u00e8rent le t\u00e9l\u00e9travail \u00e0 leur domicile et certains \u00e0 l\u2019\u00e9tranger. Se rapprocher de leur famille, vivre autrement, d\u00e9couvrir sont autant de facteurs qui motivent pour un autre environnement. Certaines entreprises n\u2019h\u00e9sitent pas \u00e0 encourager cette possibilit\u00e9, voire la promouvoir pour attirer des talents.<\/p>\n\n\n\n<p class=\"has-medium-font-size\">Cependant, \u00ab&nbsp;Work from anywhere&nbsp;\u00bb n\u2019est pas neutre pour la responsabilit\u00e9 de l\u2019entreprise. Bien que le T\u00e9l\u00e9travail ponctuel depuis l\u2019\u00e9tranger n\u2019exige aucune formalit\u00e9 particuli\u00e8re, sauf l\u2019accord de l\u2019employeur, le devoir de protection reste en vigueur. L\u2019employeur doit prendre les dispositions n\u00e9cessaires (sant\u00e9, conseils, assurances&nbsp;; \u2026) pour prot\u00e9ger ses t\u00e9l\u00e9travailleurs \u00e0 l\u2019international. L\u2019employeur reste donc responsable de la s\u00e9curit\u00e9 et de son devoir de protection (Duty of care) quel que soit le lieu de travail. Que le salari\u00e9 s\u2019installe \u00e0 l\u2019\u00e9tranger ou prolonge une mission professionnelle dans le pays visit\u00e9, celui-ci doit \u00eatre prot\u00e9g\u00e9 et assur\u00e9 par l\u2019employeur.<\/p>\n\n\n\n<p class=\"has-medium-font-size\">Pour rappel, la loi et le r\u00e9gime social du pays&nbsp;d&rsquo;origine&nbsp;resteraient&nbsp;applicables, sans toutefois que cette application soit clairement pr\u00e9vue par les textes.&nbsp;A ce propos, la l\u00e9gislation a pris du retard sur l\u2019\u00e9volution des modes de travail, puisqu\u2019il existe un vide juridique sur le sujet, alors m\u00eame que cette situation n\u2019est pourtant plus exceptionnelle. En effet, nombreux sont les salari\u00e9s qui n\u00e9gocient aupr\u00e8s de leur employeur une semaine ou deux de t\u00e9l\u00e9travail depuis leur lieu de vacances, y compris depuis l\u2019\u00e9tranger.&nbsp;Sans oublier les salari\u00e9s en t\u00e9l\u00e9travail en France qui d\u00e9cident de s\u2019installer dans un autre pays&nbsp;sans informer au pr\u00e9alable&nbsp;leur employeur !<\/p>\n\n\n\n<p class=\"has-medium-font-size\">Malheureusement, les assurances Sant\u00e9, Pr\u00e9voyance et Assistance-Rapatriement existantes ne sont pas adapt\u00e9es car <strong>le t\u00e9l\u00e9travail \u00e0 l\u2019\u00e9tranger ne correspond pas aux situations de mobilit\u00e9 internationale classiques&nbsp;:<\/strong> Expatriation, D\u00e9tachement, Mission professionnelle.<\/p>\n\n\n\n<p class=\"has-medium-font-size\">Il est donc tr\u00e8s important de cadrer le t\u00e9l\u00e9travail hors de France, avec une Charte au minimum (sans oublier les d\u00e9clarations Urssaf) et de faire \u00e9voluer les assurances de l\u2019entreprise.<\/p>\n\n\n\n<h2 class=\"wp-block-heading\">Comment assurer vos collaborateurs en t\u00e9l\u00e9travail \u00e0 l\u2019\u00e9tranger&nbsp;?<\/h2>\n\n\n\n<p class=\"has-medium-font-size\">L\u2019employeur doit identifier les profils qui souhaitent faire du t\u00e9l\u00e9travail \u00e0 l\u2019\u00e9tranger, les zones g\u00e9ographiques et les dur\u00e9es du s\u00e9jour. Avec ces informations, l\u2019employeur doit adapter ses contrats d\u2019assurance pour <strong>couvrir un nouveau contexte li\u00e9s au t\u00e9l\u00e9travail<\/strong>&nbsp;: dur\u00e9e plus longue qu\u2019une mission professionnelle, des garanties moins g\u00e9n\u00e9reuses que celles pour les missions longues (d\u00e9tachement, expatriation) et un budget adapt\u00e9.<\/p>\n\n\n\n<p class=\"has-medium-font-size\">Tous les assureurs ne sont pas pr\u00eats pour proposer des polices d\u2019assurance d\u00e9di\u00e9es au t\u00e9l\u00e9travail \u00e0 l\u2019\u00e9tranger. C\u2019est un nouveau risque pour eux, limit\u00e9 pour l\u2019instant, sans ant\u00e9c\u00e9dent et potentiellement compliqu\u00e9 en termes de conformit\u00e9 si les salari\u00e9s quittent l\u2019Europe.<\/p>\n\n\n\n<p class=\"has-medium-font-size\">L\u2019employeur doit cependant <strong>faire \u00e9voluer ses contrats afin de proposer des garanties d\u2019assurance Sant\u00e9, Pr\u00e9voyance et <a href=\"https:\/\/ambrelia.com\/assistance-rapatriement-sanitaire\/\">Assistance-Rapatriement <\/a>pour des salari\u00e9s en t\u00e9l\u00e9travail \u00e0 l\u2019\u00e9tranger<\/strong>. Le sujet sera plus facile \u00e0 traiter si les salari\u00e9s restent en Europe et si la dur\u00e9e d\u2019exc\u00e8de pas 90 jours cons\u00e9cutifs. Les destinations hors Europe engageront parfois des risques plus \u00e9lev\u00e9s sur la prise en charge des frais de sant\u00e9. De nombreux pays ont des co\u00fbts m\u00e9dicaux \u00e9lev\u00e9s (USA, UK, Emirats, Hong Kong, Singapour,\u2026) et les garanties d\u2019assurance seront ajust\u00e9es pour y faire face.<\/p>\n\n\n\n<p class=\"has-medium-font-size\">Changer de domicile peut donc avoir des cons\u00e9quences en mati\u00e8re de sant\u00e9 et de s\u00e9curit\u00e9 pour le salari\u00e9. Le t\u00e9l\u00e9travail \u00e0 l\u2019\u00e9tranger est un sujet \u00e0 multi facettes&nbsp;pour les employeurs et les \u00e9quipes RH : contrat de travail, s\u00e9curit\u00e9 sociale applicable, <a href=\"https:\/\/ambrelia.com\/assurance-kidnapping-rancon\/\">s\u00e9curit\u00e9<\/a>, assurances.<\/p>\n\n\n\n<p class=\"has-medium-font-size\">Des assurances internationales renforc\u00e9es et adapt\u00e9es au t\u00e9l\u00e9travail \u00e0 l\u2019\u00e9tranger permettrait de r\u00e9pondre \u00e0 un certain nombre d\u2019incertitudes et s\u00e9curiserait davantage les relations entre employeur et salari\u00e9s, \u00e0 l\u2019heure o\u00f9 le t\u00e9l\u00e9travail semble se g\u00e9n\u00e9raliser.<\/p>\n\n\n\n<div class=\"wp-block-buttons is-layout-flex wp-block-buttons-is-layout-flex\">\n<div class=\"wp-block-button is-style-outline aligncenter is-style-outline--1\"><a class=\"wp-block-button__link has-black-color has-pale-cyan-blue-background-color has-text-color has-background wp-element-button\" href=\"http:\/\/ambrelia.neocamino.fr\/4656-oui-je-souhaite-etre-contacte-e-pour-un-rendez-vous-afin-de-decouvrir-votre-offre?neo_campaign=proposer-un-rdv-bouton&amp;neo_medium=click_popup&amp;uuid=ad5d799a-acb6-4333-9490-642229a7bbd8\">Je souhaite plus d&rsquo;informations <\/a><\/div>\n<\/div>\n\n\n\n<h2 class=\"wp-block-heading\">Nos derniers articles :<\/h2>\n\n\n<ul class=\"wp-block-latest-posts__list wp-block-latest-posts\"><li><a class=\"wp-block-latest-posts__post-title\" href=\"https:\/\/ambrelia.com\/fr\/2026\/04\/assurance-kr-proteger-les-entreprises-et-leurs-collaborateurs-face-aux-risques-denlevement\/\">Assurance K&amp;R : prot\u00e9ger les entreprises et leurs collaborateurs face aux risques d\u2019enl\u00e8vement<\/a><\/li>\n<li><a class=\"wp-block-latest-posts__post-title\" href=\"https:\/\/ambrelia.com\/fr\/2026\/04\/risques-a-linternational-en-2026\/\">Risques \u00e0 l\u2019international en 2026<\/a><\/li>\n<li><a class=\"wp-block-latest-posts__post-title\" href=\"https:\/\/ambrelia.com\/fr\/2026\/04\/pourquoi-prendre-une-assurance-rapatriement-lorsque-lon-part\/\">Pourquoi prendre une assurance rapatriement lorsque l\u2019on part en mission \u00e0 l\u2019\u00e9tranger ?<\/a><\/li>\n<li><a class=\"wp-block-latest-posts__post-title\" href=\"https:\/\/ambrelia.com\/fr\/2026\/04\/retrouvez-nous-a-la-conference-gisf-2026-a-londres\/\">Retrouvez-nous \u00e0 la conf\u00e9rence GISF 2026 \u00e0 Londres !<\/a><\/li>\n<li><a class=\"wp-block-latest-posts__post-title\" href=\"https:\/\/ambrelia.com\/fr\/2026\/04\/expatries-a-linternational-quels-types-dassurances\/\">Expatri\u00e9s \u00e0 l\u2019international : quels types d\u2019assurances pour s\u00e9curiser les collaborateurs des entreprises ?<\/a><\/li>\n<\/ul>\n\n\n<ul class=\"wp-block-social-links is-layout-flex wp-block-social-links-is-layout-flex\"><li class=\"wp-social-link wp-social-link-facebook  wp-block-social-link\"><a href=\"https:\/\/www.facebook.com\/AmbreliaExpats\/\" class=\"wp-block-social-link-anchor\"><svg width=\"24\" height=\"24\" viewBox=\"0 0 24 24\" version=\"1.1\" xmlns=\"http:\/\/www.w3.org\/2000\/svg\" aria-hidden=\"true\" focusable=\"false\"><path d=\"M12 2C6.5 2 2 6.5 2 12c0 5 3.7 9.1 8.4 9.9v-7H7.9V12h2.5V9.8c0-2.5 1.5-3.9 3.8-3.9 1.1 0 2.2.2 2.2.2v2.5h-1.3c-1.2 0-1.6.8-1.6 1.6V12h2.8l-.4 2.9h-2.3v7C18.3 21.1 22 17 22 12c0-5.5-4.5-10-10-10z\"><\/path><\/svg><span class=\"wp-block-social-link-label screen-reader-text\">Facebook<\/span><\/a><\/li>\n\n<li class=\"wp-social-link wp-social-link-linkedin  wp-block-social-link\"><a href=\"https:\/\/www.linkedin.com\/company\/5180409\/admin\/\" class=\"wp-block-social-link-anchor\"><svg width=\"24\" height=\"24\" viewBox=\"0 0 24 24\" version=\"1.1\" xmlns=\"http:\/\/www.w3.org\/2000\/svg\" aria-hidden=\"true\" focusable=\"false\"><path d=\"M19.7,3H4.3C3.582,3,3,3.582,3,4.3v15.4C3,20.418,3.582,21,4.3,21h15.4c0.718,0,1.3-0.582,1.3-1.3V4.3 C21,3.582,20.418,3,19.7,3z M8.339,18.338H5.667v-8.59h2.672V18.338z M7.004,8.574c-0.857,0-1.549-0.694-1.549-1.548 c0-0.855,0.691-1.548,1.549-1.548c0.854,0,1.547,0.694,1.547,1.548C8.551,7.881,7.858,8.574,7.004,8.574z M18.339,18.338h-2.669 v-4.177c0-0.996-0.017-2.278-1.387-2.278c-1.389,0-1.601,1.086-1.601,2.206v4.249h-2.667v-8.59h2.559v1.174h0.037 c0.356-0.675,1.227-1.387,2.526-1.387c2.703,0,3.203,1.779,3.203,4.092V18.338z\"><\/path><\/svg><span class=\"wp-block-social-link-label screen-reader-text\">LinkedIn<\/span><\/a><\/li><\/ul>\n\n\n","protected":false},"excerpt":{"rendered":"<p>Alors que les professionnels profitent de la flexibilit\u00e9 qu&rsquo;offre le t\u00e9l\u00e9travail, il est important de consid\u00e9rer le montant de la couverture d&rsquo;assurance disponible pour se prot\u00e9ger contre les probl\u00e8mes impr\u00e9vus. Semblable \u00e0 l&rsquo;approche prudente que les professionnels adoptent lors de l&rsquo;\u00e9valuation de leur couverture d&rsquo;assurance, du champion de tennis rafael nadal gains ont \u00e9galement pris [&hellip;]<\/p>\n","protected":false},"author":18,"featured_media":17229321,"comment_status":"closed","ping_status":"closed","sticky":false,"template":"","format":"standard","meta":{"_et_pb_use_builder":"","_et_pb_old_content":"","_et_gb_content_width":"","footnotes":""},"categories":[46],"tags":[],"dipi_cpt_category":[],"class_list":["post-49471","post","type-post","status-publish","format-standard","has-post-thumbnail","hentry","category-produit"],"yoast_head":"<!-- This site is optimized with the Yoast SEO plugin v27.4 - https:\/\/yoast.com\/product\/yoast-seo-wordpress\/ -->\n<title>Quelles assurances pour le t\u00e9l\u00e9travail \u00e0 l\u2019\u00e9tranger\u00a0? - Ambrelia<\/title>\n<meta name=\"description\" content=\"Le t\u00e9l\u00e9travail \u00e0 l&#039;international se d\u00e9veloppe ! Face \u00e0 ce contexte, les employeurs doivent faire \u00e9voluer leurs assurances pour le t\u00e9l\u00e9travail \u00e0 l&#039;\u00e9tranger.\" \/>\n<meta name=\"robots\" content=\"index, follow, max-snippet:-1, max-image-preview:large, max-video-preview:-1\" \/>\n<link rel=\"canonical\" href=\"https:\/\/ambrelia.com\/fr\/2022\/09\/quelle-assurance-pour-le-teletravail-a-letranger\/\" \/>\n<meta property=\"og:locale\" content=\"fr_FR\" \/>\n<meta property=\"og:type\" content=\"article\" \/>\n<meta property=\"og:title\" content=\"Quelles assurances pour le t\u00e9l\u00e9travail \u00e0 l\u2019\u00e9tranger\u00a0? - Ambrelia\" \/>\n<meta property=\"og:description\" content=\"Le t\u00e9l\u00e9travail \u00e0 l&#039;international se d\u00e9veloppe ! Face \u00e0 ce contexte, les employeurs doivent faire \u00e9voluer leurs assurances pour le t\u00e9l\u00e9travail \u00e0 l&#039;\u00e9tranger.\" \/>\n<meta property=\"og:url\" content=\"https:\/\/ambrelia.com\/fr\/2022\/09\/quelle-assurance-pour-le-teletravail-a-letranger\/\" \/>\n<meta property=\"og:site_name\" content=\"Ambrelia\" \/>\n<meta property=\"article:published_time\" content=\"2022-09-15T06:00:00+00:00\" \/>\n<meta property=\"article:modified_time\" content=\"2024-10-09T08:43:31+00:00\" \/>\n<meta property=\"og:image\" content=\"https:\/\/ambrelia.com\/wp-content\/uploads\/2021\/12\/assurances-teletravail-a-letranger-600x600-1.webp\" \/>\n\t<meta property=\"og:image:width\" content=\"600\" \/>\n\t<meta property=\"og:image:height\" content=\"600\" \/>\n\t<meta property=\"og:image:type\" content=\"image\/webp\" \/>\n<meta name=\"author\" content=\"fabien.bertrand@neocamino.com\" \/>\n<meta name=\"twitter:card\" content=\"summary_large_image\" \/>\n<meta name=\"twitter:label1\" content=\"\u00c9crit par\" \/>\n\t<meta name=\"twitter:data1\" content=\"fabien.bertrand@neocamino.com\" \/>\n\t<meta name=\"twitter:label2\" content=\"Dur\u00e9e de lecture estim\u00e9e\" \/>\n\t<meta name=\"twitter:data2\" content=\"5 minutes\" \/>\n<script type=\"application\/ld+json\" class=\"yoast-schema-graph\">{\"@context\":\"https:\\\/\\\/schema.org\",\"@graph\":[{\"@type\":\"Article\",\"@id\":\"https:\\\/\\\/ambrelia.com\\\/fr\\\/2022\\\/09\\\/quelle-assurance-pour-le-teletravail-a-letranger\\\/#article\",\"isPartOf\":{\"@id\":\"https:\\\/\\\/ambrelia.com\\\/fr\\\/2022\\\/09\\\/quelle-assurance-pour-le-teletravail-a-letranger\\\/\"},\"author\":{\"name\":\"fabien.bertrand@neocamino.com\",\"@id\":\"https:\\\/\\\/ambrelia.com\\\/fr\\\/#\\\/schema\\\/person\\\/ad558722d25b606231c04faa0526e5ee\"},\"headline\":\"Quelles assurances pour le t\u00e9l\u00e9travail \u00e0 l\u2019\u00e9tranger\u00a0?\",\"datePublished\":\"2022-09-15T06:00:00+00:00\",\"dateModified\":\"2024-10-09T08:43:31+00:00\",\"mainEntityOfPage\":{\"@id\":\"https:\\\/\\\/ambrelia.com\\\/fr\\\/2022\\\/09\\\/quelle-assurance-pour-le-teletravail-a-letranger\\\/\"},\"wordCount\":1008,\"image\":{\"@id\":\"https:\\\/\\\/ambrelia.com\\\/fr\\\/2022\\\/09\\\/quelle-assurance-pour-le-teletravail-a-letranger\\\/#primaryimage\"},\"thumbnailUrl\":\"https:\\\/\\\/ambrelia.com\\\/wp-content\\\/uploads\\\/2021\\\/12\\\/assurances-teletravail-a-letranger-600x600-1.webp\",\"articleSection\":[\"Produits et Solutions\"],\"inLanguage\":\"fr-FR\"},{\"@type\":\"WebPage\",\"@id\":\"https:\\\/\\\/ambrelia.com\\\/fr\\\/2022\\\/09\\\/quelle-assurance-pour-le-teletravail-a-letranger\\\/\",\"url\":\"https:\\\/\\\/ambrelia.com\\\/fr\\\/2022\\\/09\\\/quelle-assurance-pour-le-teletravail-a-letranger\\\/\",\"name\":\"Quelles assurances pour le t\u00e9l\u00e9travail \u00e0 l\u2019\u00e9tranger\u00a0? - Ambrelia\",\"isPartOf\":{\"@id\":\"https:\\\/\\\/ambrelia.com\\\/fr\\\/#website\"},\"primaryImageOfPage\":{\"@id\":\"https:\\\/\\\/ambrelia.com\\\/fr\\\/2022\\\/09\\\/quelle-assurance-pour-le-teletravail-a-letranger\\\/#primaryimage\"},\"image\":{\"@id\":\"https:\\\/\\\/ambrelia.com\\\/fr\\\/2022\\\/09\\\/quelle-assurance-pour-le-teletravail-a-letranger\\\/#primaryimage\"},\"thumbnailUrl\":\"https:\\\/\\\/ambrelia.com\\\/wp-content\\\/uploads\\\/2021\\\/12\\\/assurances-teletravail-a-letranger-600x600-1.webp\",\"datePublished\":\"2022-09-15T06:00:00+00:00\",\"dateModified\":\"2024-10-09T08:43:31+00:00\",\"author\":{\"@id\":\"https:\\\/\\\/ambrelia.com\\\/fr\\\/#\\\/schema\\\/person\\\/ad558722d25b606231c04faa0526e5ee\"},\"description\":\"Le t\u00e9l\u00e9travail \u00e0 l'international se d\u00e9veloppe ! Face \u00e0 ce contexte, les employeurs doivent faire \u00e9voluer leurs assurances pour le t\u00e9l\u00e9travail \u00e0 l'\u00e9tranger.\",\"breadcrumb\":{\"@id\":\"https:\\\/\\\/ambrelia.com\\\/fr\\\/2022\\\/09\\\/quelle-assurance-pour-le-teletravail-a-letranger\\\/#breadcrumb\"},\"inLanguage\":\"fr-FR\",\"potentialAction\":[{\"@type\":\"ReadAction\",\"target\":[\"https:\\\/\\\/ambrelia.com\\\/fr\\\/2022\\\/09\\\/quelle-assurance-pour-le-teletravail-a-letranger\\\/\"]}]},{\"@type\":\"ImageObject\",\"inLanguage\":\"fr-FR\",\"@id\":\"https:\\\/\\\/ambrelia.com\\\/fr\\\/2022\\\/09\\\/quelle-assurance-pour-le-teletravail-a-letranger\\\/#primaryimage\",\"url\":\"https:\\\/\\\/ambrelia.com\\\/wp-content\\\/uploads\\\/2021\\\/12\\\/assurances-teletravail-a-letranger-600x600-1.webp\",\"contentUrl\":\"https:\\\/\\\/ambrelia.com\\\/wp-content\\\/uploads\\\/2021\\\/12\\\/assurances-teletravail-a-letranger-600x600-1.webp\",\"width\":600,\"height\":600,\"caption\":\"Assurances-teletravail-a-letranger-600x600\"},{\"@type\":\"BreadcrumbList\",\"@id\":\"https:\\\/\\\/ambrelia.com\\\/fr\\\/2022\\\/09\\\/quelle-assurance-pour-le-teletravail-a-letranger\\\/#breadcrumb\",\"itemListElement\":[{\"@type\":\"ListItem\",\"position\":1,\"name\":\"Accueil\",\"item\":\"https:\\\/\\\/ambrelia.com\\\/fr\\\/\"},{\"@type\":\"ListItem\",\"position\":2,\"name\":\"Quelles assurances pour le t\u00e9l\u00e9travail \u00e0 l\u2019\u00e9tranger\u00a0?\"}]},{\"@type\":\"WebSite\",\"@id\":\"https:\\\/\\\/ambrelia.com\\\/fr\\\/#website\",\"url\":\"https:\\\/\\\/ambrelia.com\\\/fr\\\/\",\"name\":\"Ambrelia\",\"description\":\"\",\"potentialAction\":[{\"@type\":\"SearchAction\",\"target\":{\"@type\":\"EntryPoint\",\"urlTemplate\":\"https:\\\/\\\/ambrelia.com\\\/fr\\\/?s={search_term_string}\"},\"query-input\":{\"@type\":\"PropertyValueSpecification\",\"valueRequired\":true,\"valueName\":\"search_term_string\"}}],\"inLanguage\":\"fr-FR\"},{\"@type\":\"Person\",\"@id\":\"https:\\\/\\\/ambrelia.com\\\/fr\\\/#\\\/schema\\\/person\\\/ad558722d25b606231c04faa0526e5ee\",\"name\":\"fabien.bertrand@neocamino.com\",\"image\":{\"@type\":\"ImageObject\",\"inLanguage\":\"fr-FR\",\"@id\":\"https:\\\/\\\/secure.gravatar.com\\\/avatar\\\/3023a84949e647d3d6deae2f3b6c60f1af24fab4b3c6417a9455a1557e65d196?s=96&d=mm&r=g\",\"url\":\"https:\\\/\\\/secure.gravatar.com\\\/avatar\\\/3023a84949e647d3d6deae2f3b6c60f1af24fab4b3c6417a9455a1557e65d196?s=96&d=mm&r=g\",\"contentUrl\":\"https:\\\/\\\/secure.gravatar.com\\\/avatar\\\/3023a84949e647d3d6deae2f3b6c60f1af24fab4b3c6417a9455a1557e65d196?s=96&d=mm&r=g\",\"caption\":\"fabien.bertrand@neocamino.com\"}}]}<\/script>\n<!-- \/ Yoast SEO plugin. -->","yoast_head_json":{"title":"Quelles assurances pour le t\u00e9l\u00e9travail \u00e0 l\u2019\u00e9tranger\u00a0? - Ambrelia","description":"Le t\u00e9l\u00e9travail \u00e0 l'international se d\u00e9veloppe ! Face \u00e0 ce contexte, les employeurs doivent faire \u00e9voluer leurs assurances pour le t\u00e9l\u00e9travail \u00e0 l'\u00e9tranger.","robots":{"index":"index","follow":"follow","max-snippet":"max-snippet:-1","max-image-preview":"max-image-preview:large","max-video-preview":"max-video-preview:-1"},"canonical":"https:\/\/ambrelia.com\/fr\/2022\/09\/quelle-assurance-pour-le-teletravail-a-letranger\/","og_locale":"fr_FR","og_type":"article","og_title":"Quelles assurances pour le t\u00e9l\u00e9travail \u00e0 l\u2019\u00e9tranger\u00a0? - Ambrelia","og_description":"Le t\u00e9l\u00e9travail \u00e0 l'international se d\u00e9veloppe ! Face \u00e0 ce contexte, les employeurs doivent faire \u00e9voluer leurs assurances pour le t\u00e9l\u00e9travail \u00e0 l'\u00e9tranger.","og_url":"https:\/\/ambrelia.com\/fr\/2022\/09\/quelle-assurance-pour-le-teletravail-a-letranger\/","og_site_name":"Ambrelia","article_published_time":"2022-09-15T06:00:00+00:00","article_modified_time":"2024-10-09T08:43:31+00:00","og_image":[{"width":600,"height":600,"url":"https:\/\/ambrelia.com\/wp-content\/uploads\/2021\/12\/assurances-teletravail-a-letranger-600x600-1.webp","type":"image\/webp"}],"author":"fabien.bertrand@neocamino.com","twitter_card":"summary_large_image","twitter_misc":{"\u00c9crit par":"fabien.bertrand@neocamino.com","Dur\u00e9e de lecture estim\u00e9e":"5 minutes"},"schema":{"@context":"https:\/\/schema.org","@graph":[{"@type":"Article","@id":"https:\/\/ambrelia.com\/fr\/2022\/09\/quelle-assurance-pour-le-teletravail-a-letranger\/#article","isPartOf":{"@id":"https:\/\/ambrelia.com\/fr\/2022\/09\/quelle-assurance-pour-le-teletravail-a-letranger\/"},"author":{"name":"fabien.bertrand@neocamino.com","@id":"https:\/\/ambrelia.com\/fr\/#\/schema\/person\/ad558722d25b606231c04faa0526e5ee"},"headline":"Quelles assurances pour le t\u00e9l\u00e9travail \u00e0 l\u2019\u00e9tranger\u00a0?","datePublished":"2022-09-15T06:00:00+00:00","dateModified":"2024-10-09T08:43:31+00:00","mainEntityOfPage":{"@id":"https:\/\/ambrelia.com\/fr\/2022\/09\/quelle-assurance-pour-le-teletravail-a-letranger\/"},"wordCount":1008,"image":{"@id":"https:\/\/ambrelia.com\/fr\/2022\/09\/quelle-assurance-pour-le-teletravail-a-letranger\/#primaryimage"},"thumbnailUrl":"https:\/\/ambrelia.com\/wp-content\/uploads\/2021\/12\/assurances-teletravail-a-letranger-600x600-1.webp","articleSection":["Produits et Solutions"],"inLanguage":"fr-FR"},{"@type":"WebPage","@id":"https:\/\/ambrelia.com\/fr\/2022\/09\/quelle-assurance-pour-le-teletravail-a-letranger\/","url":"https:\/\/ambrelia.com\/fr\/2022\/09\/quelle-assurance-pour-le-teletravail-a-letranger\/","name":"Quelles assurances pour le t\u00e9l\u00e9travail \u00e0 l\u2019\u00e9tranger\u00a0? - Ambrelia","isPartOf":{"@id":"https:\/\/ambrelia.com\/fr\/#website"},"primaryImageOfPage":{"@id":"https:\/\/ambrelia.com\/fr\/2022\/09\/quelle-assurance-pour-le-teletravail-a-letranger\/#primaryimage"},"image":{"@id":"https:\/\/ambrelia.com\/fr\/2022\/09\/quelle-assurance-pour-le-teletravail-a-letranger\/#primaryimage"},"thumbnailUrl":"https:\/\/ambrelia.com\/wp-content\/uploads\/2021\/12\/assurances-teletravail-a-letranger-600x600-1.webp","datePublished":"2022-09-15T06:00:00+00:00","dateModified":"2024-10-09T08:43:31+00:00","author":{"@id":"https:\/\/ambrelia.com\/fr\/#\/schema\/person\/ad558722d25b606231c04faa0526e5ee"},"description":"Le t\u00e9l\u00e9travail \u00e0 l'international se d\u00e9veloppe ! Face \u00e0 ce contexte, les employeurs doivent faire \u00e9voluer leurs assurances pour le t\u00e9l\u00e9travail \u00e0 l'\u00e9tranger.","breadcrumb":{"@id":"https:\/\/ambrelia.com\/fr\/2022\/09\/quelle-assurance-pour-le-teletravail-a-letranger\/#breadcrumb"},"inLanguage":"fr-FR","potentialAction":[{"@type":"ReadAction","target":["https:\/\/ambrelia.com\/fr\/2022\/09\/quelle-assurance-pour-le-teletravail-a-letranger\/"]}]},{"@type":"ImageObject","inLanguage":"fr-FR","@id":"https:\/\/ambrelia.com\/fr\/2022\/09\/quelle-assurance-pour-le-teletravail-a-letranger\/#primaryimage","url":"https:\/\/ambrelia.com\/wp-content\/uploads\/2021\/12\/assurances-teletravail-a-letranger-600x600-1.webp","contentUrl":"https:\/\/ambrelia.com\/wp-content\/uploads\/2021\/12\/assurances-teletravail-a-letranger-600x600-1.webp","width":600,"height":600,"caption":"Assurances-teletravail-a-letranger-600x600"},{"@type":"BreadcrumbList","@id":"https:\/\/ambrelia.com\/fr\/2022\/09\/quelle-assurance-pour-le-teletravail-a-letranger\/#breadcrumb","itemListElement":[{"@type":"ListItem","position":1,"name":"Accueil","item":"https:\/\/ambrelia.com\/fr\/"},{"@type":"ListItem","position":2,"name":"Quelles assurances pour le t\u00e9l\u00e9travail \u00e0 l\u2019\u00e9tranger\u00a0?"}]},{"@type":"WebSite","@id":"https:\/\/ambrelia.com\/fr\/#website","url":"https:\/\/ambrelia.com\/fr\/","name":"Ambrelia","description":"","potentialAction":[{"@type":"SearchAction","target":{"@type":"EntryPoint","urlTemplate":"https:\/\/ambrelia.com\/fr\/?s={search_term_string}"},"query-input":{"@type":"PropertyValueSpecification","valueRequired":true,"valueName":"search_term_string"}}],"inLanguage":"fr-FR"},{"@type":"Person","@id":"https:\/\/ambrelia.com\/fr\/#\/schema\/person\/ad558722d25b606231c04faa0526e5ee","name":"fabien.bertrand@neocamino.com","image":{"@type":"ImageObject","inLanguage":"fr-FR","@id":"https:\/\/secure.gravatar.com\/avatar\/3023a84949e647d3d6deae2f3b6c60f1af24fab4b3c6417a9455a1557e65d196?s=96&d=mm&r=g","url":"https:\/\/secure.gravatar.com\/avatar\/3023a84949e647d3d6deae2f3b6c60f1af24fab4b3c6417a9455a1557e65d196?s=96&d=mm&r=g","contentUrl":"https:\/\/secure.gravatar.com\/avatar\/3023a84949e647d3d6deae2f3b6c60f1af24fab4b3c6417a9455a1557e65d196?s=96&d=mm&r=g","caption":"fabien.bertrand@neocamino.com"}}]}},"_links":{"self":[{"href":"https:\/\/ambrelia.com\/fr\/wp-json\/wp\/v2\/posts\/49471","targetHints":{"allow":["GET"]}}],"collection":[{"href":"https:\/\/ambrelia.com\/fr\/wp-json\/wp\/v2\/posts"}],"about":[{"href":"https:\/\/ambrelia.com\/fr\/wp-json\/wp\/v2\/types\/post"}],"author":[{"embeddable":true,"href":"https:\/\/ambrelia.com\/fr\/wp-json\/wp\/v2\/users\/18"}],"replies":[{"embeddable":true,"href":"https:\/\/ambrelia.com\/fr\/wp-json\/wp\/v2\/comments?post=49471"}],"version-history":[{"count":1,"href":"https:\/\/ambrelia.com\/fr\/wp-json\/wp\/v2\/posts\/49471\/revisions"}],"predecessor-version":[{"id":17229198,"href":"https:\/\/ambrelia.com\/fr\/wp-json\/wp\/v2\/posts\/49471\/revisions\/17229198"}],"wp:featuredmedia":[{"embeddable":true,"href":"https:\/\/ambrelia.com\/fr\/wp-json\/wp\/v2\/media\/17229321"}],"wp:attachment":[{"href":"https:\/\/ambrelia.com\/fr\/wp-json\/wp\/v2\/media?parent=49471"}],"wp:term":[{"taxonomy":"category","embeddable":true,"href":"https:\/\/ambrelia.com\/fr\/wp-json\/wp\/v2\/categories?post=49471"},{"taxonomy":"post_tag","embeddable":true,"href":"https:\/\/ambrelia.com\/fr\/wp-json\/wp\/v2\/tags?post=49471"},{"taxonomy":"dipi_cpt_category","embeddable":true,"href":"https:\/\/ambrelia.com\/fr\/wp-json\/wp\/v2\/dipi_cpt_category?post=49471"}],"curies":[{"name":"wp","href":"https:\/\/api.w.org\/{rel}","templated":true}]}}