{"id":52304,"date":"2023-01-19T22:24:52","date_gmt":"2023-01-19T21:24:52","guid":{"rendered":"https:\/\/ambrelia.com\/?p=52304"},"modified":"2024-10-09T08:55:38","modified_gmt":"2024-10-09T08:55:38","slug":"ambrelia-et-hamap-humanitaire","status":"publish","type":"post","link":"https:\/\/ambrelia.com\/fr\/2023\/01\/ambrelia-et-hamap-humanitaire\/","title":{"rendered":"HAMAP-Humanitaire et AMBRELIA"},"content":{"rendered":"\n<p class=\"has-medium-font-size\">D\u00e9couvrez l&rsquo;article de HAMAP-Humanitaire \u00e0 propos de notre collaboration pour prot\u00e9ger les \u00e9quipes de cette ONG depuis 2016 :<\/p>\n\n\n\n<p><\/p>\n\n\n\n<figure class=\"wp-block-embed is-type-wp-embed is-provider-hamap-humanitaire wp-block-embed-hamap-humanitaire\"><div class=\"wp-block-embed__wrapper\">\n<blockquote class=\"wp-embedded-content\" data-secret=\"HCndF2GAyH\"><a href=\"https:\/\/hamap-humanitaire.org\/2023\/01\/04\/notre-collaboration-avec-la-societe-ambrelia\/\">Notre collaboration avec la soci\u00e9t\u00e9 Ambrelia<\/a><\/blockquote><iframe loading=\"lazy\" class=\"wp-embedded-content\" sandbox=\"allow-scripts\" security=\"restricted\" style=\"position: absolute; visibility: hidden;\" title=\"\u00ab\u00a0Notre collaboration avec la soci\u00e9t\u00e9 Ambrelia\u00a0\u00bb &#8212; HAMAP-Humanitaire\" src=\"https:\/\/hamap-humanitaire.org\/2023\/01\/04\/notre-collaboration-avec-la-societe-ambrelia\/embed\/#?secret=ChLDg4Do2G#?secret=HCndF2GAyH\" data-secret=\"HCndF2GAyH\" width=\"600\" height=\"338\" frameborder=\"0\" marginwidth=\"0\" marginheight=\"0\" scrolling=\"no\"><\/iframe>\n<\/div><\/figure>\n","protected":false},"excerpt":{"rendered":"<p>D\u00e9couvrez l&rsquo;article de HAMAP-Humanitaire \u00e0 propos de notre collaboration pour prot\u00e9ger les \u00e9quipes de cette ONG depuis 2016 :<\/p>\n","protected":false},"author":18,"featured_media":17229357,"comment_status":"closed","ping_status":"closed","sticky":false,"template":"","format":"standard","meta":{"_et_pb_use_builder":"","_et_pb_old_content":"","_et_gb_content_width":"","footnotes":""},"categories":[58],"tags":[],"dipi_cpt_category":[],"class_list":["post-52304","post","type-post","status-publish","format-standard","has-post-thumbnail","hentry","category-ngo"],"yoast_head":"<!-- This site is optimized with the Yoast SEO plugin v27.4 - https:\/\/yoast.com\/product\/yoast-seo-wordpress\/ -->\n<title>HAMAP-Humanitaire et AMBRELIA - Ambrelia<\/title>\n<meta name=\"description\" content=\"D\u00e9couvrez l&#039;article de HAMAP Humanitaire \u00e0 propos de notre collaboration pour prot\u00e9ger les \u00e9quipes de cette ONG depuis 2016\" \/>\n<meta name=\"robots\" content=\"index, follow, max-snippet:-1, max-image-preview:large, max-video-preview:-1\" \/>\n<link rel=\"canonical\" href=\"https:\/\/ambrelia.com\/fr\/2023\/01\/ambrelia-et-hamap-humanitaire\/\" \/>\n<meta property=\"og:locale\" content=\"fr_FR\" \/>\n<meta property=\"og:type\" content=\"article\" \/>\n<meta property=\"og:title\" content=\"HAMAP-Humanitaire et AMBRELIA - Ambrelia\" \/>\n<meta property=\"og:description\" content=\"D\u00e9couvrez l&#039;article de HAMAP Humanitaire \u00e0 propos de notre collaboration pour prot\u00e9ger les \u00e9quipes de cette ONG depuis 2016\" \/>\n<meta property=\"og:url\" content=\"https:\/\/ambrelia.com\/fr\/2023\/01\/ambrelia-et-hamap-humanitaire\/\" \/>\n<meta property=\"og:site_name\" content=\"Ambrelia\" \/>\n<meta property=\"article:published_time\" content=\"2023-01-19T21:24:52+00:00\" \/>\n<meta property=\"article:modified_time\" content=\"2024-10-09T08:55:38+00:00\" \/>\n<meta property=\"og:image\" content=\"https:\/\/ambrelia.com\/wp-content\/uploads\/2022\/11\/photo-hamap-2023-600x600-1.webp\" \/>\n\t<meta property=\"og:image:width\" content=\"600\" \/>\n\t<meta property=\"og:image:height\" content=\"600\" \/>\n\t<meta property=\"og:image:type\" content=\"image\/webp\" \/>\n<meta name=\"author\" content=\"fabien.bertrand@neocamino.com\" \/>\n<meta name=\"twitter:card\" content=\"summary_large_image\" \/>\n<meta name=\"twitter:label1\" content=\"\u00c9crit par\" \/>\n\t<meta name=\"twitter:data1\" content=\"fabien.bertrand@neocamino.com\" \/>\n\t<meta name=\"twitter:label2\" content=\"Dur\u00e9e de lecture estim\u00e9e\" \/>\n\t<meta name=\"twitter:data2\" content=\"1 minute\" \/>\n<script type=\"application\/ld+json\" class=\"yoast-schema-graph\">{\"@context\":\"https:\\\/\\\/schema.org\",\"@graph\":[{\"@type\":\"Article\",\"@id\":\"https:\\\/\\\/ambrelia.com\\\/fr\\\/2023\\\/01\\\/ambrelia-et-hamap-humanitaire\\\/#article\",\"isPartOf\":{\"@id\":\"https:\\\/\\\/ambrelia.com\\\/fr\\\/2023\\\/01\\\/ambrelia-et-hamap-humanitaire\\\/\"},\"author\":{\"name\":\"fabien.bertrand@neocamino.com\",\"@id\":\"https:\\\/\\\/ambrelia.com\\\/fr\\\/#\\\/schema\\\/person\\\/ad558722d25b606231c04faa0526e5ee\"},\"headline\":\"HAMAP-Humanitaire et AMBRELIA\",\"datePublished\":\"2023-01-19T21:24:52+00:00\",\"dateModified\":\"2024-10-09T08:55:38+00:00\",\"mainEntityOfPage\":{\"@id\":\"https:\\\/\\\/ambrelia.com\\\/fr\\\/2023\\\/01\\\/ambrelia-et-hamap-humanitaire\\\/\"},\"wordCount\":26,\"image\":{\"@id\":\"https:\\\/\\\/ambrelia.com\\\/fr\\\/2023\\\/01\\\/ambrelia-et-hamap-humanitaire\\\/#primaryimage\"},\"thumbnailUrl\":\"https:\\\/\\\/ambrelia.com\\\/wp-content\\\/uploads\\\/2022\\\/11\\\/photo-hamap-2023-600x600-1.webp\",\"articleSection\":[\"NGO\"],\"inLanguage\":\"fr-FR\"},{\"@type\":\"WebPage\",\"@id\":\"https:\\\/\\\/ambrelia.com\\\/fr\\\/2023\\\/01\\\/ambrelia-et-hamap-humanitaire\\\/\",\"url\":\"https:\\\/\\\/ambrelia.com\\\/fr\\\/2023\\\/01\\\/ambrelia-et-hamap-humanitaire\\\/\",\"name\":\"HAMAP-Humanitaire et AMBRELIA - Ambrelia\",\"isPartOf\":{\"@id\":\"https:\\\/\\\/ambrelia.com\\\/fr\\\/#website\"},\"primaryImageOfPage\":{\"@id\":\"https:\\\/\\\/ambrelia.com\\\/fr\\\/2023\\\/01\\\/ambrelia-et-hamap-humanitaire\\\/#primaryimage\"},\"image\":{\"@id\":\"https:\\\/\\\/ambrelia.com\\\/fr\\\/2023\\\/01\\\/ambrelia-et-hamap-humanitaire\\\/#primaryimage\"},\"thumbnailUrl\":\"https:\\\/\\\/ambrelia.com\\\/wp-content\\\/uploads\\\/2022\\\/11\\\/photo-hamap-2023-600x600-1.webp\",\"datePublished\":\"2023-01-19T21:24:52+00:00\",\"dateModified\":\"2024-10-09T08:55:38+00:00\",\"author\":{\"@id\":\"https:\\\/\\\/ambrelia.com\\\/fr\\\/#\\\/schema\\\/person\\\/ad558722d25b606231c04faa0526e5ee\"},\"description\":\"D\u00e9couvrez l'article de HAMAP Humanitaire \u00e0 propos de notre collaboration pour prot\u00e9ger les \u00e9quipes de cette ONG depuis 2016\",\"breadcrumb\":{\"@id\":\"https:\\\/\\\/ambrelia.com\\\/fr\\\/2023\\\/01\\\/ambrelia-et-hamap-humanitaire\\\/#breadcrumb\"},\"inLanguage\":\"fr-FR\",\"potentialAction\":[{\"@type\":\"ReadAction\",\"target\":[\"https:\\\/\\\/ambrelia.com\\\/fr\\\/2023\\\/01\\\/ambrelia-et-hamap-humanitaire\\\/\"]}]},{\"@type\":\"ImageObject\",\"inLanguage\":\"fr-FR\",\"@id\":\"https:\\\/\\\/ambrelia.com\\\/fr\\\/2023\\\/01\\\/ambrelia-et-hamap-humanitaire\\\/#primaryimage\",\"url\":\"https:\\\/\\\/ambrelia.com\\\/wp-content\\\/uploads\\\/2022\\\/11\\\/photo-hamap-2023-600x600-1.webp\",\"contentUrl\":\"https:\\\/\\\/ambrelia.com\\\/wp-content\\\/uploads\\\/2022\\\/11\\\/photo-hamap-2023-600x600-1.webp\",\"width\":600,\"height\":600,\"caption\":\"Photo-Hamap-2023-600x600\"},{\"@type\":\"BreadcrumbList\",\"@id\":\"https:\\\/\\\/ambrelia.com\\\/fr\\\/2023\\\/01\\\/ambrelia-et-hamap-humanitaire\\\/#breadcrumb\",\"itemListElement\":[{\"@type\":\"ListItem\",\"position\":1,\"name\":\"Accueil\",\"item\":\"https:\\\/\\\/ambrelia.com\\\/fr\\\/\"},{\"@type\":\"ListItem\",\"position\":2,\"name\":\"HAMAP-Humanitaire et AMBRELIA\"}]},{\"@type\":\"WebSite\",\"@id\":\"https:\\\/\\\/ambrelia.com\\\/fr\\\/#website\",\"url\":\"https:\\\/\\\/ambrelia.com\\\/fr\\\/\",\"name\":\"Ambrelia\",\"description\":\"\",\"potentialAction\":[{\"@type\":\"SearchAction\",\"target\":{\"@type\":\"EntryPoint\",\"urlTemplate\":\"https:\\\/\\\/ambrelia.com\\\/fr\\\/?s={search_term_string}\"},\"query-input\":{\"@type\":\"PropertyValueSpecification\",\"valueRequired\":true,\"valueName\":\"search_term_string\"}}],\"inLanguage\":\"fr-FR\"},{\"@type\":\"Person\",\"@id\":\"https:\\\/\\\/ambrelia.com\\\/fr\\\/#\\\/schema\\\/person\\\/ad558722d25b606231c04faa0526e5ee\",\"name\":\"fabien.bertrand@neocamino.com\",\"image\":{\"@type\":\"ImageObject\",\"inLanguage\":\"fr-FR\",\"@id\":\"https:\\\/\\\/secure.gravatar.com\\\/avatar\\\/3023a84949e647d3d6deae2f3b6c60f1af24fab4b3c6417a9455a1557e65d196?s=96&d=mm&r=g\",\"url\":\"https:\\\/\\\/secure.gravatar.com\\\/avatar\\\/3023a84949e647d3d6deae2f3b6c60f1af24fab4b3c6417a9455a1557e65d196?s=96&d=mm&r=g\",\"contentUrl\":\"https:\\\/\\\/secure.gravatar.com\\\/avatar\\\/3023a84949e647d3d6deae2f3b6c60f1af24fab4b3c6417a9455a1557e65d196?s=96&d=mm&r=g\",\"caption\":\"fabien.bertrand@neocamino.com\"}}]}<\/script>\n<!-- \/ Yoast SEO plugin. -->","yoast_head_json":{"title":"HAMAP-Humanitaire et AMBRELIA - Ambrelia","description":"D\u00e9couvrez l'article de HAMAP Humanitaire \u00e0 propos de notre collaboration pour prot\u00e9ger les \u00e9quipes de cette ONG depuis 2016","robots":{"index":"index","follow":"follow","max-snippet":"max-snippet:-1","max-image-preview":"max-image-preview:large","max-video-preview":"max-video-preview:-1"},"canonical":"https:\/\/ambrelia.com\/fr\/2023\/01\/ambrelia-et-hamap-humanitaire\/","og_locale":"fr_FR","og_type":"article","og_title":"HAMAP-Humanitaire et AMBRELIA - Ambrelia","og_description":"D\u00e9couvrez l'article de HAMAP Humanitaire \u00e0 propos de notre collaboration pour prot\u00e9ger les \u00e9quipes de cette ONG depuis 2016","og_url":"https:\/\/ambrelia.com\/fr\/2023\/01\/ambrelia-et-hamap-humanitaire\/","og_site_name":"Ambrelia","article_published_time":"2023-01-19T21:24:52+00:00","article_modified_time":"2024-10-09T08:55:38+00:00","og_image":[{"width":600,"height":600,"url":"https:\/\/ambrelia.com\/wp-content\/uploads\/2022\/11\/photo-hamap-2023-600x600-1.webp","type":"image\/webp"}],"author":"fabien.bertrand@neocamino.com","twitter_card":"summary_large_image","twitter_misc":{"\u00c9crit par":"fabien.bertrand@neocamino.com","Dur\u00e9e de lecture estim\u00e9e":"1 minute"},"schema":{"@context":"https:\/\/schema.org","@graph":[{"@type":"Article","@id":"https:\/\/ambrelia.com\/fr\/2023\/01\/ambrelia-et-hamap-humanitaire\/#article","isPartOf":{"@id":"https:\/\/ambrelia.com\/fr\/2023\/01\/ambrelia-et-hamap-humanitaire\/"},"author":{"name":"fabien.bertrand@neocamino.com","@id":"https:\/\/ambrelia.com\/fr\/#\/schema\/person\/ad558722d25b606231c04faa0526e5ee"},"headline":"HAMAP-Humanitaire et AMBRELIA","datePublished":"2023-01-19T21:24:52+00:00","dateModified":"2024-10-09T08:55:38+00:00","mainEntityOfPage":{"@id":"https:\/\/ambrelia.com\/fr\/2023\/01\/ambrelia-et-hamap-humanitaire\/"},"wordCount":26,"image":{"@id":"https:\/\/ambrelia.com\/fr\/2023\/01\/ambrelia-et-hamap-humanitaire\/#primaryimage"},"thumbnailUrl":"https:\/\/ambrelia.com\/wp-content\/uploads\/2022\/11\/photo-hamap-2023-600x600-1.webp","articleSection":["NGO"],"inLanguage":"fr-FR"},{"@type":"WebPage","@id":"https:\/\/ambrelia.com\/fr\/2023\/01\/ambrelia-et-hamap-humanitaire\/","url":"https:\/\/ambrelia.com\/fr\/2023\/01\/ambrelia-et-hamap-humanitaire\/","name":"HAMAP-Humanitaire et AMBRELIA - Ambrelia","isPartOf":{"@id":"https:\/\/ambrelia.com\/fr\/#website"},"primaryImageOfPage":{"@id":"https:\/\/ambrelia.com\/fr\/2023\/01\/ambrelia-et-hamap-humanitaire\/#primaryimage"},"image":{"@id":"https:\/\/ambrelia.com\/fr\/2023\/01\/ambrelia-et-hamap-humanitaire\/#primaryimage"},"thumbnailUrl":"https:\/\/ambrelia.com\/wp-content\/uploads\/2022\/11\/photo-hamap-2023-600x600-1.webp","datePublished":"2023-01-19T21:24:52+00:00","dateModified":"2024-10-09T08:55:38+00:00","author":{"@id":"https:\/\/ambrelia.com\/fr\/#\/schema\/person\/ad558722d25b606231c04faa0526e5ee"},"description":"D\u00e9couvrez l'article de HAMAP Humanitaire \u00e0 propos de notre collaboration pour prot\u00e9ger les \u00e9quipes de cette ONG depuis 2016","breadcrumb":{"@id":"https:\/\/ambrelia.com\/fr\/2023\/01\/ambrelia-et-hamap-humanitaire\/#breadcrumb"},"inLanguage":"fr-FR","potentialAction":[{"@type":"ReadAction","target":["https:\/\/ambrelia.com\/fr\/2023\/01\/ambrelia-et-hamap-humanitaire\/"]}]},{"@type":"ImageObject","inLanguage":"fr-FR","@id":"https:\/\/ambrelia.com\/fr\/2023\/01\/ambrelia-et-hamap-humanitaire\/#primaryimage","url":"https:\/\/ambrelia.com\/wp-content\/uploads\/2022\/11\/photo-hamap-2023-600x600-1.webp","contentUrl":"https:\/\/ambrelia.com\/wp-content\/uploads\/2022\/11\/photo-hamap-2023-600x600-1.webp","width":600,"height":600,"caption":"Photo-Hamap-2023-600x600"},{"@type":"BreadcrumbList","@id":"https:\/\/ambrelia.com\/fr\/2023\/01\/ambrelia-et-hamap-humanitaire\/#breadcrumb","itemListElement":[{"@type":"ListItem","position":1,"name":"Accueil","item":"https:\/\/ambrelia.com\/fr\/"},{"@type":"ListItem","position":2,"name":"HAMAP-Humanitaire et AMBRELIA"}]},{"@type":"WebSite","@id":"https:\/\/ambrelia.com\/fr\/#website","url":"https:\/\/ambrelia.com\/fr\/","name":"Ambrelia","description":"","potentialAction":[{"@type":"SearchAction","target":{"@type":"EntryPoint","urlTemplate":"https:\/\/ambrelia.com\/fr\/?s={search_term_string}"},"query-input":{"@type":"PropertyValueSpecification","valueRequired":true,"valueName":"search_term_string"}}],"inLanguage":"fr-FR"},{"@type":"Person","@id":"https:\/\/ambrelia.com\/fr\/#\/schema\/person\/ad558722d25b606231c04faa0526e5ee","name":"fabien.bertrand@neocamino.com","image":{"@type":"ImageObject","inLanguage":"fr-FR","@id":"https:\/\/secure.gravatar.com\/avatar\/3023a84949e647d3d6deae2f3b6c60f1af24fab4b3c6417a9455a1557e65d196?s=96&d=mm&r=g","url":"https:\/\/secure.gravatar.com\/avatar\/3023a84949e647d3d6deae2f3b6c60f1af24fab4b3c6417a9455a1557e65d196?s=96&d=mm&r=g","contentUrl":"https:\/\/secure.gravatar.com\/avatar\/3023a84949e647d3d6deae2f3b6c60f1af24fab4b3c6417a9455a1557e65d196?s=96&d=mm&r=g","caption":"fabien.bertrand@neocamino.com"}}]}},"_links":{"self":[{"href":"https:\/\/ambrelia.com\/fr\/wp-json\/wp\/v2\/posts\/52304","targetHints":{"allow":["GET"]}}],"collection":[{"href":"https:\/\/ambrelia.com\/fr\/wp-json\/wp\/v2\/posts"}],"about":[{"href":"https:\/\/ambrelia.com\/fr\/wp-json\/wp\/v2\/types\/post"}],"author":[{"embeddable":true,"href":"https:\/\/ambrelia.com\/fr\/wp-json\/wp\/v2\/users\/18"}],"replies":[{"embeddable":true,"href":"https:\/\/ambrelia.com\/fr\/wp-json\/wp\/v2\/comments?post=52304"}],"version-history":[{"count":2,"href":"https:\/\/ambrelia.com\/fr\/wp-json\/wp\/v2\/posts\/52304\/revisions"}],"predecessor-version":[{"id":17229361,"href":"https:\/\/ambrelia.com\/fr\/wp-json\/wp\/v2\/posts\/52304\/revisions\/17229361"}],"wp:featuredmedia":[{"embeddable":true,"href":"https:\/\/ambrelia.com\/fr\/wp-json\/wp\/v2\/media\/17229357"}],"wp:attachment":[{"href":"https:\/\/ambrelia.com\/fr\/wp-json\/wp\/v2\/media?parent=52304"}],"wp:term":[{"taxonomy":"category","embeddable":true,"href":"https:\/\/ambrelia.com\/fr\/wp-json\/wp\/v2\/categories?post=52304"},{"taxonomy":"post_tag","embeddable":true,"href":"https:\/\/ambrelia.com\/fr\/wp-json\/wp\/v2\/tags?post=52304"},{"taxonomy":"dipi_cpt_category","embeddable":true,"href":"https:\/\/ambrelia.com\/fr\/wp-json\/wp\/v2\/dipi_cpt_category?post=52304"}],"curies":[{"name":"wp","href":"https:\/\/api.w.org\/{rel}","templated":true}]}}