{"id":7441,"date":"2015-11-06T16:26:42","date_gmt":"2015-11-06T15:26:42","guid":{"rendered":"https:\/\/ambrelia.com\/?p=7441"},"modified":"2015-11-06T16:26:42","modified_gmt":"2015-11-06T15:26:42","slug":"protection-des-collaborateurs-en-mission-humanitaire","status":"publish","type":"post","link":"https:\/\/ambrelia.com\/fr\/2015\/11\/protection-des-collaborateurs-en-mission-humanitaire\/","title":{"rendered":"Conf\u00e9rence Pr\u00e9vention et Protection des collaborateurs en mission humanitaire \u00e0 l\u2019international"},"content":{"rendered":"<p>Les Organisations de solidarit\u00e9 ou d\u2019aide humanitaire non gouvernementales sont de plus en plus sollicit\u00e9es dans le cadre de crises mondiales qui sont aussi plus longues et difficiles. Vos \u00e9quipes sont d\u2019autant plus expos\u00e9es que ces crises rel\u00e8vent majoritairement de conflits arm\u00e9s ou se d\u00e9roulent dans des zones peu s\u00e9curis\u00e9es. Comment les prot\u00e9ger ?<\/p>\n<p>AMBRELIA a organis\u00e9 une conf\u00e9rence le 5 novembre avec les plus grandes Organisations fran\u00e7aises et ses partenaires HCC et Unity pour apporter des \u00e9l\u00e9ments de r\u00e9ponses \u00e0 ce sujet et aux questions suivantes\u00a0:<\/p>\n<ul>\n<li>Quelles sont vos obligations en tant qu\u2019employeur ?<\/li>\n<li>Comment optimiser la pr\u00e9vention pour limiter les risques \u00e0 vos \u00e9quipes ?<\/li>\n<li>Quels sont les dispositifs efficaces pour <a href=\"https:\/\/ambrelia.com\/assurance-kidnapping-rancon\/\">la gestion de crise<\/a> ?<\/li>\n<\/ul>\n<h2>Le Devoir de Protection<\/h2>\n<p>M. Maarten Merkelbach co-auteur de l\u2019\u00e9tude \u00ab\u00a0Pouvez-vous \u00eatre poursuivi en justice\u00a0? Droits et obligations des Organisations Internationales d\u2019aide humanitaire vis-\u00e0-vis de leur personnel\u00a0\u00bb <strong>a<\/strong> <strong>rappel\u00e9 les obligations l\u00e9gales auxquelles sont soumises les Organisations en tant qu\u2019employeur.<\/strong> Les Organisations sont oblig\u00e9es d\u2019\u00eatre conforme aux normes juridiques, \u00e0 la l\u00e9gislation et aux dispositions relatives \u00e0 leur devoir de protection concernant la s\u00e9curit\u00e9 et la suret\u00e9.<\/p>\n<p>Il a \u00e9galement pr\u00e9sent\u00e9 la notion de <strong>\u00ab\u00a0Consentement \u00e9clair\u00e9\u00a0\u00bb<\/strong> qui regroupe tous les dispositifs \u00e0 mettre en place et \u00e0 pr\u00e9senter aux collaborateurs qui partent en mission internationale.<\/p>\n<p>La nature et l\u2019\u00e9tendue de la responsabilit\u00e9 juridique d\u2019une Organisation \u00e0 propos de la sant\u00e9 et de la s\u00e9curit\u00e9 de son personnel peut para\u00eetre d\u00e9routante lorsqu\u2019elle couvre de nombreuses juridictions.<\/p>\n<p>N\u00e9anmoins, s\u2019il est impossible d\u2019\u00e9viter des demandes de compensation de salari\u00e9s qui ont \u00e9t\u00e9 bless\u00e9s, il est possible de prendre des mesures pour r\u00e9duire le risque d\u2019accident et de documenter ces mesures afin de prouver que l\u2019Organisation a agi de fa\u00e7on responsable, limitant ainsi le risque de responsabilit\u00e9. Lorsqu\u2019une demande de compensation est introduite, elle pourra ainsi \u00eatre correctement d\u00e9fendue devant un juge.<\/p>\n<h2>Pr\u00e9vention et Gestion de Crises<\/h2>\n<p>M. David Hornus, expert en Gestion de Crises chez Unity, <strong>a pr\u00e9sent\u00e9 les moyens et les services propos\u00e9s aux Organisations pour former les \u00e9quipes et pr\u00e9venir les risques<\/strong> li\u00e9s aux missions \u00e0 l\u2019international (politique s\u00e9curit\u00e9, plan d\u2019\u00e9vacuation, formation si\u00e8ge\/terrain,\u2026). Il a \u00e9galement d\u00e9taill\u00e9 comment Unity intervient et accompagne les Organisations <strong>en cas de crise\u00a0: menaces, extorsion, troubles politiques, kidnapping.<\/strong><\/p>\n<p>Il est d\u00e9sormais possible pour tout type d\u2019Organisation de souscrire un contrat d\u2019assurance qui permettra la prise en charge des d\u00e9penses g\u00e9n\u00e9r\u00e9es \u00e0 l\u2019occasion d\u2019une crise\u00a0: frais des consultants, transport, salaire, ran\u00e7on \u00e9ventuelle, capital d\u00e9c\u00e8s\/invalidit\u00e9, etc\u2026Cette solution d\u2019assurance apporte ainsi une protection financi\u00e8re \u00e0 l\u2019Organisation.<\/p>\n<p>Les garanties du contrat sont personnalisables selon le contexte de chaque Organisation\u00a0: couverture g\u00e9ographique pr\u00e9cise ou Monde entier, m\u00eame les zones les plus dangereuses\u00a0; Tous les collaborateurs peuvent \u00eatre assur\u00e9s\u00a0: les \u00e9quipes Si\u00e8ge qui peuvent partir en mission temporaire, les expatri\u00e9s, les salari\u00e9s locaux et les consultants \u00e9ventuels.<\/p>\n<p>La pr\u00e9vention et la protection des collaborateurs en mission humanitaire \u00e0 l\u2019international est un sujet complexe pour les Organisations\u00a0; Malgr\u00e9 le fait qu\u2019une Organisation ait un r\u00f4le \u00ab\u00a0humanitaire\u00a0\u00bb, ses obligations l\u00e9gales en tant qu\u2019employeur restent identiques \u00e0 une entreprise \u00ab\u00a0classique\u00a0\u00bb. Chaque Organisation, quelle que soit sa taille et son budget, doit \u00e9laborer et mettre en place un dispositif complet. Il est pr\u00e9f\u00e9rable pour l\u2019Organisation de se faire accompagner par des sp\u00e9cialistes (juridique, s\u00e9curit\u00e9, assurance) pour adapter son dispositif \u00e0 son m\u00e9tier et \u00e0 son environnement externe.<\/p>\n<p>Vous souhaitez une \u00e9valuation pour votre Organisation\u00a0?<\/p>\n<p>Vous souhaitez recevoir le guide \u00ab\u00a0Pouvez-vous \u00eatre poursuivi en justice ?\u00a0Droits et obligations des organisations internationales d\u2019aide\u00a0humanitaire vis-\u00e0-vis de leur personnel \u00a0\u00bb<\/p>\n<p>Contactez-nous\u00a0: <a href=\"http:\/\/contact@ambrelia.com\">contact@ambrelia.com<\/a><\/p>\n<p><a href=\"http:\/\/www.security-management-initiative.org\">www.security-management-initiative.org<\/a><\/p>\n<p><a href=\"https:\/\/ambrelia.com\/ong-assurance-expatrie\/\">www.ambrelia.com\/ong-assurance-expatrie\/<\/a><\/p>\n","protected":false},"excerpt":{"rendered":"<p>Les Organisations de solidarit\u00e9 ou d\u2019aide humanitaire non gouvernementales sont de plus en plus sollicit\u00e9es dans le cadre de crises mondiales qui sont aussi plus longues et difficiles. Vos \u00e9quipes sont d\u2019autant plus expos\u00e9es que ces crises rel\u00e8vent majoritairement de conflits arm\u00e9s ou se d\u00e9roulent dans des zones peu s\u00e9curis\u00e9es. Comment les prot\u00e9ger ? AMBRELIA [&hellip;]<\/p>\n","protected":false},"author":18,"featured_media":15190,"comment_status":"closed","ping_status":"closed","sticky":false,"template":"","format":"standard","meta":{"_et_pb_use_builder":"","_et_pb_old_content":"","_et_gb_content_width":"","footnotes":""},"categories":[48],"tags":[],"dipi_cpt_category":[],"class_list":["post-7441","post","type-post","status-publish","format-standard","has-post-thumbnail","hentry","category-evenement"],"yoast_head":"<!-- This site is optimized with the Yoast SEO plugin v27.5 - https:\/\/yoast.com\/product\/yoast-seo-wordpress\/ -->\n<title>La Protection des collaborateurs en mission humanitaire<\/title>\n<meta name=\"description\" content=\"Conf\u00e9rence AMBRELIA pour la Pr\u00e9vention et la Protection des collaborateurs en mission humanitaire \u00e0 l&#039;international pour les ONG\" \/>\n<meta name=\"robots\" content=\"index, follow, max-snippet:-1, max-image-preview:large, max-video-preview:-1\" \/>\n<link rel=\"canonical\" href=\"https:\/\/ambrelia.com\/fr\/2015\/11\/protection-des-collaborateurs-en-mission-humanitaire\/\" \/>\n<meta property=\"og:locale\" content=\"fr_FR\" \/>\n<meta property=\"og:type\" content=\"article\" \/>\n<meta property=\"og:title\" content=\"La Protection des collaborateurs en mission humanitaire\" \/>\n<meta property=\"og:description\" content=\"Conf\u00e9rence AMBRELIA pour la Pr\u00e9vention et la Protection des collaborateurs en mission humanitaire \u00e0 l&#039;international pour les ONG\" \/>\n<meta property=\"og:url\" content=\"https:\/\/ambrelia.com\/fr\/2015\/11\/protection-des-collaborateurs-en-mission-humanitaire\/\" \/>\n<meta property=\"og:site_name\" content=\"Ambrelia\" \/>\n<meta property=\"article:published_time\" content=\"2015-11-06T15:26:42+00:00\" \/>\n<meta property=\"og:image\" content=\"https:\/\/ambrelia.com\/wp-content\/uploads\/2015\/11\/Prevention-et-Protection-ONG-345x201-1.jpg\" \/>\n\t<meta property=\"og:image:width\" content=\"345\" \/>\n\t<meta property=\"og:image:height\" content=\"201\" \/>\n\t<meta property=\"og:image:type\" content=\"image\/jpeg\" \/>\n<meta name=\"author\" content=\"fabien.bertrand@neocamino.com\" \/>\n<meta name=\"twitter:card\" content=\"summary_large_image\" \/>\n<meta name=\"twitter:label1\" content=\"\u00c9crit par\" \/>\n\t<meta name=\"twitter:data1\" content=\"fabien.bertrand@neocamino.com\" \/>\n\t<meta name=\"twitter:label2\" content=\"Dur\u00e9e de lecture estim\u00e9e\" \/>\n\t<meta name=\"twitter:data2\" content=\"3 minutes\" \/>\n<script type=\"application\/ld+json\" class=\"yoast-schema-graph\">{\"@context\":\"https:\\\/\\\/schema.org\",\"@graph\":[{\"@type\":\"Article\",\"@id\":\"https:\\\/\\\/ambrelia.com\\\/fr\\\/2015\\\/11\\\/protection-des-collaborateurs-en-mission-humanitaire\\\/#article\",\"isPartOf\":{\"@id\":\"https:\\\/\\\/ambrelia.com\\\/fr\\\/2015\\\/11\\\/protection-des-collaborateurs-en-mission-humanitaire\\\/\"},\"author\":{\"name\":\"fabien.bertrand@neocamino.com\",\"@id\":\"https:\\\/\\\/ambrelia.com\\\/fr\\\/#\\\/schema\\\/person\\\/ad558722d25b606231c04faa0526e5ee\"},\"headline\":\"Conf\u00e9rence Pr\u00e9vention et Protection des collaborateurs en mission humanitaire \u00e0 l\u2019international\",\"datePublished\":\"2015-11-06T15:26:42+00:00\",\"mainEntityOfPage\":{\"@id\":\"https:\\\/\\\/ambrelia.com\\\/fr\\\/2015\\\/11\\\/protection-des-collaborateurs-en-mission-humanitaire\\\/\"},\"wordCount\":676,\"image\":{\"@id\":\"https:\\\/\\\/ambrelia.com\\\/fr\\\/2015\\\/11\\\/protection-des-collaborateurs-en-mission-humanitaire\\\/#primaryimage\"},\"thumbnailUrl\":\"https:\\\/\\\/ambrelia.com\\\/wp-content\\\/uploads\\\/2015\\\/11\\\/Prevention-et-Protection-ONG-345x201-1.jpg\",\"articleSection\":[\"Ev\u00e8nement\"],\"inLanguage\":\"fr-FR\"},{\"@type\":\"WebPage\",\"@id\":\"https:\\\/\\\/ambrelia.com\\\/fr\\\/2015\\\/11\\\/protection-des-collaborateurs-en-mission-humanitaire\\\/\",\"url\":\"https:\\\/\\\/ambrelia.com\\\/fr\\\/2015\\\/11\\\/protection-des-collaborateurs-en-mission-humanitaire\\\/\",\"name\":\"La Protection des collaborateurs en mission humanitaire\",\"isPartOf\":{\"@id\":\"https:\\\/\\\/ambrelia.com\\\/fr\\\/#website\"},\"primaryImageOfPage\":{\"@id\":\"https:\\\/\\\/ambrelia.com\\\/fr\\\/2015\\\/11\\\/protection-des-collaborateurs-en-mission-humanitaire\\\/#primaryimage\"},\"image\":{\"@id\":\"https:\\\/\\\/ambrelia.com\\\/fr\\\/2015\\\/11\\\/protection-des-collaborateurs-en-mission-humanitaire\\\/#primaryimage\"},\"thumbnailUrl\":\"https:\\\/\\\/ambrelia.com\\\/wp-content\\\/uploads\\\/2015\\\/11\\\/Prevention-et-Protection-ONG-345x201-1.jpg\",\"datePublished\":\"2015-11-06T15:26:42+00:00\",\"author\":{\"@id\":\"https:\\\/\\\/ambrelia.com\\\/fr\\\/#\\\/schema\\\/person\\\/ad558722d25b606231c04faa0526e5ee\"},\"description\":\"Conf\u00e9rence AMBRELIA pour la Pr\u00e9vention et la Protection des collaborateurs en mission humanitaire \u00e0 l'international pour les ONG\",\"breadcrumb\":{\"@id\":\"https:\\\/\\\/ambrelia.com\\\/fr\\\/2015\\\/11\\\/protection-des-collaborateurs-en-mission-humanitaire\\\/#breadcrumb\"},\"inLanguage\":\"fr-FR\",\"potentialAction\":[{\"@type\":\"ReadAction\",\"target\":[\"https:\\\/\\\/ambrelia.com\\\/fr\\\/2015\\\/11\\\/protection-des-collaborateurs-en-mission-humanitaire\\\/\"]}]},{\"@type\":\"ImageObject\",\"inLanguage\":\"fr-FR\",\"@id\":\"https:\\\/\\\/ambrelia.com\\\/fr\\\/2015\\\/11\\\/protection-des-collaborateurs-en-mission-humanitaire\\\/#primaryimage\",\"url\":\"https:\\\/\\\/ambrelia.com\\\/wp-content\\\/uploads\\\/2015\\\/11\\\/Prevention-et-Protection-ONG-345x201-1.jpg\",\"contentUrl\":\"https:\\\/\\\/ambrelia.com\\\/wp-content\\\/uploads\\\/2015\\\/11\\\/Prevention-et-Protection-ONG-345x201-1.jpg\",\"width\":345,\"height\":201},{\"@type\":\"BreadcrumbList\",\"@id\":\"https:\\\/\\\/ambrelia.com\\\/fr\\\/2015\\\/11\\\/protection-des-collaborateurs-en-mission-humanitaire\\\/#breadcrumb\",\"itemListElement\":[{\"@type\":\"ListItem\",\"position\":1,\"name\":\"Accueil\",\"item\":\"https:\\\/\\\/ambrelia.com\\\/fr\\\/\"},{\"@type\":\"ListItem\",\"position\":2,\"name\":\"Conf\u00e9rence Pr\u00e9vention et Protection des collaborateurs en mission humanitaire \u00e0 l\u2019international\"}]},{\"@type\":\"WebSite\",\"@id\":\"https:\\\/\\\/ambrelia.com\\\/fr\\\/#website\",\"url\":\"https:\\\/\\\/ambrelia.com\\\/fr\\\/\",\"name\":\"Ambrelia\",\"description\":\"\",\"potentialAction\":[{\"@type\":\"SearchAction\",\"target\":{\"@type\":\"EntryPoint\",\"urlTemplate\":\"https:\\\/\\\/ambrelia.com\\\/fr\\\/?s={search_term_string}\"},\"query-input\":{\"@type\":\"PropertyValueSpecification\",\"valueRequired\":true,\"valueName\":\"search_term_string\"}}],\"inLanguage\":\"fr-FR\"},{\"@type\":\"Person\",\"@id\":\"https:\\\/\\\/ambrelia.com\\\/fr\\\/#\\\/schema\\\/person\\\/ad558722d25b606231c04faa0526e5ee\",\"name\":\"fabien.bertrand@neocamino.com\",\"image\":{\"@type\":\"ImageObject\",\"inLanguage\":\"fr-FR\",\"@id\":\"https:\\\/\\\/secure.gravatar.com\\\/avatar\\\/3023a84949e647d3d6deae2f3b6c60f1af24fab4b3c6417a9455a1557e65d196?s=96&d=mm&r=g\",\"url\":\"https:\\\/\\\/secure.gravatar.com\\\/avatar\\\/3023a84949e647d3d6deae2f3b6c60f1af24fab4b3c6417a9455a1557e65d196?s=96&d=mm&r=g\",\"contentUrl\":\"https:\\\/\\\/secure.gravatar.com\\\/avatar\\\/3023a84949e647d3d6deae2f3b6c60f1af24fab4b3c6417a9455a1557e65d196?s=96&d=mm&r=g\",\"caption\":\"fabien.bertrand@neocamino.com\"}}]}<\/script>\n<!-- \/ Yoast SEO plugin. -->","yoast_head_json":{"title":"La Protection des collaborateurs en mission humanitaire","description":"Conf\u00e9rence AMBRELIA pour la Pr\u00e9vention et la Protection des collaborateurs en mission humanitaire \u00e0 l'international pour les ONG","robots":{"index":"index","follow":"follow","max-snippet":"max-snippet:-1","max-image-preview":"max-image-preview:large","max-video-preview":"max-video-preview:-1"},"canonical":"https:\/\/ambrelia.com\/fr\/2015\/11\/protection-des-collaborateurs-en-mission-humanitaire\/","og_locale":"fr_FR","og_type":"article","og_title":"La Protection des collaborateurs en mission humanitaire","og_description":"Conf\u00e9rence AMBRELIA pour la Pr\u00e9vention et la Protection des collaborateurs en mission humanitaire \u00e0 l'international pour les ONG","og_url":"https:\/\/ambrelia.com\/fr\/2015\/11\/protection-des-collaborateurs-en-mission-humanitaire\/","og_site_name":"Ambrelia","article_published_time":"2015-11-06T15:26:42+00:00","og_image":[{"width":345,"height":201,"url":"https:\/\/ambrelia.com\/wp-content\/uploads\/2015\/11\/Prevention-et-Protection-ONG-345x201-1.jpg","type":"image\/jpeg"}],"author":"fabien.bertrand@neocamino.com","twitter_card":"summary_large_image","twitter_misc":{"\u00c9crit par":"fabien.bertrand@neocamino.com","Dur\u00e9e de lecture estim\u00e9e":"3 minutes"},"schema":{"@context":"https:\/\/schema.org","@graph":[{"@type":"Article","@id":"https:\/\/ambrelia.com\/fr\/2015\/11\/protection-des-collaborateurs-en-mission-humanitaire\/#article","isPartOf":{"@id":"https:\/\/ambrelia.com\/fr\/2015\/11\/protection-des-collaborateurs-en-mission-humanitaire\/"},"author":{"name":"fabien.bertrand@neocamino.com","@id":"https:\/\/ambrelia.com\/fr\/#\/schema\/person\/ad558722d25b606231c04faa0526e5ee"},"headline":"Conf\u00e9rence Pr\u00e9vention et Protection des collaborateurs en mission humanitaire \u00e0 l\u2019international","datePublished":"2015-11-06T15:26:42+00:00","mainEntityOfPage":{"@id":"https:\/\/ambrelia.com\/fr\/2015\/11\/protection-des-collaborateurs-en-mission-humanitaire\/"},"wordCount":676,"image":{"@id":"https:\/\/ambrelia.com\/fr\/2015\/11\/protection-des-collaborateurs-en-mission-humanitaire\/#primaryimage"},"thumbnailUrl":"https:\/\/ambrelia.com\/wp-content\/uploads\/2015\/11\/Prevention-et-Protection-ONG-345x201-1.jpg","articleSection":["Ev\u00e8nement"],"inLanguage":"fr-FR"},{"@type":"WebPage","@id":"https:\/\/ambrelia.com\/fr\/2015\/11\/protection-des-collaborateurs-en-mission-humanitaire\/","url":"https:\/\/ambrelia.com\/fr\/2015\/11\/protection-des-collaborateurs-en-mission-humanitaire\/","name":"La Protection des collaborateurs en mission humanitaire","isPartOf":{"@id":"https:\/\/ambrelia.com\/fr\/#website"},"primaryImageOfPage":{"@id":"https:\/\/ambrelia.com\/fr\/2015\/11\/protection-des-collaborateurs-en-mission-humanitaire\/#primaryimage"},"image":{"@id":"https:\/\/ambrelia.com\/fr\/2015\/11\/protection-des-collaborateurs-en-mission-humanitaire\/#primaryimage"},"thumbnailUrl":"https:\/\/ambrelia.com\/wp-content\/uploads\/2015\/11\/Prevention-et-Protection-ONG-345x201-1.jpg","datePublished":"2015-11-06T15:26:42+00:00","author":{"@id":"https:\/\/ambrelia.com\/fr\/#\/schema\/person\/ad558722d25b606231c04faa0526e5ee"},"description":"Conf\u00e9rence AMBRELIA pour la Pr\u00e9vention et la Protection des collaborateurs en mission humanitaire \u00e0 l'international pour les ONG","breadcrumb":{"@id":"https:\/\/ambrelia.com\/fr\/2015\/11\/protection-des-collaborateurs-en-mission-humanitaire\/#breadcrumb"},"inLanguage":"fr-FR","potentialAction":[{"@type":"ReadAction","target":["https:\/\/ambrelia.com\/fr\/2015\/11\/protection-des-collaborateurs-en-mission-humanitaire\/"]}]},{"@type":"ImageObject","inLanguage":"fr-FR","@id":"https:\/\/ambrelia.com\/fr\/2015\/11\/protection-des-collaborateurs-en-mission-humanitaire\/#primaryimage","url":"https:\/\/ambrelia.com\/wp-content\/uploads\/2015\/11\/Prevention-et-Protection-ONG-345x201-1.jpg","contentUrl":"https:\/\/ambrelia.com\/wp-content\/uploads\/2015\/11\/Prevention-et-Protection-ONG-345x201-1.jpg","width":345,"height":201},{"@type":"BreadcrumbList","@id":"https:\/\/ambrelia.com\/fr\/2015\/11\/protection-des-collaborateurs-en-mission-humanitaire\/#breadcrumb","itemListElement":[{"@type":"ListItem","position":1,"name":"Accueil","item":"https:\/\/ambrelia.com\/fr\/"},{"@type":"ListItem","position":2,"name":"Conf\u00e9rence Pr\u00e9vention et Protection des collaborateurs en mission humanitaire \u00e0 l\u2019international"}]},{"@type":"WebSite","@id":"https:\/\/ambrelia.com\/fr\/#website","url":"https:\/\/ambrelia.com\/fr\/","name":"Ambrelia","description":"","potentialAction":[{"@type":"SearchAction","target":{"@type":"EntryPoint","urlTemplate":"https:\/\/ambrelia.com\/fr\/?s={search_term_string}"},"query-input":{"@type":"PropertyValueSpecification","valueRequired":true,"valueName":"search_term_string"}}],"inLanguage":"fr-FR"},{"@type":"Person","@id":"https:\/\/ambrelia.com\/fr\/#\/schema\/person\/ad558722d25b606231c04faa0526e5ee","name":"fabien.bertrand@neocamino.com","image":{"@type":"ImageObject","inLanguage":"fr-FR","@id":"https:\/\/secure.gravatar.com\/avatar\/3023a84949e647d3d6deae2f3b6c60f1af24fab4b3c6417a9455a1557e65d196?s=96&d=mm&r=g","url":"https:\/\/secure.gravatar.com\/avatar\/3023a84949e647d3d6deae2f3b6c60f1af24fab4b3c6417a9455a1557e65d196?s=96&d=mm&r=g","contentUrl":"https:\/\/secure.gravatar.com\/avatar\/3023a84949e647d3d6deae2f3b6c60f1af24fab4b3c6417a9455a1557e65d196?s=96&d=mm&r=g","caption":"fabien.bertrand@neocamino.com"}}]}},"_links":{"self":[{"href":"https:\/\/ambrelia.com\/fr\/wp-json\/wp\/v2\/posts\/7441","targetHints":{"allow":["GET"]}}],"collection":[{"href":"https:\/\/ambrelia.com\/fr\/wp-json\/wp\/v2\/posts"}],"about":[{"href":"https:\/\/ambrelia.com\/fr\/wp-json\/wp\/v2\/types\/post"}],"author":[{"embeddable":true,"href":"https:\/\/ambrelia.com\/fr\/wp-json\/wp\/v2\/users\/18"}],"replies":[{"embeddable":true,"href":"https:\/\/ambrelia.com\/fr\/wp-json\/wp\/v2\/comments?post=7441"}],"version-history":[{"count":0,"href":"https:\/\/ambrelia.com\/fr\/wp-json\/wp\/v2\/posts\/7441\/revisions"}],"wp:featuredmedia":[{"embeddable":true,"href":"https:\/\/ambrelia.com\/fr\/wp-json\/wp\/v2\/media\/15190"}],"wp:attachment":[{"href":"https:\/\/ambrelia.com\/fr\/wp-json\/wp\/v2\/media?parent=7441"}],"wp:term":[{"taxonomy":"category","embeddable":true,"href":"https:\/\/ambrelia.com\/fr\/wp-json\/wp\/v2\/categories?post=7441"},{"taxonomy":"post_tag","embeddable":true,"href":"https:\/\/ambrelia.com\/fr\/wp-json\/wp\/v2\/tags?post=7441"},{"taxonomy":"dipi_cpt_category","embeddable":true,"href":"https:\/\/ambrelia.com\/fr\/wp-json\/wp\/v2\/dipi_cpt_category?post=7441"}],"curies":[{"name":"wp","href":"https:\/\/api.w.org\/{rel}","templated":true}]}}