{"id":7682,"date":"2017-02-24T10:20:12","date_gmt":"2017-02-24T09:20:12","guid":{"rendered":"https:\/\/ambrelia.com\/?p=7682"},"modified":"2017-02-24T10:20:12","modified_gmt":"2017-02-24T09:20:12","slug":"l-environnement-juridique-de-la-mobilite-internationale","status":"publish","type":"post","link":"https:\/\/ambrelia.com\/fr\/2017\/02\/l-environnement-juridique-de-la-mobilite-internationale\/","title":{"rendered":"L\u2019environnement Juridique de la Mobilit\u00e9 Internationale"},"content":{"rendered":"<h2><strong>Sant\u00e9 et S\u00e9curit\u00e9 des collaborateurs en mobilit\u00e9 \u00e0 l\u2019international &#8211;\u00a0<\/strong><strong>L\u2019environnement Juridique<\/strong><\/h2>\n<p>Les entreprises fran\u00e7aises se d\u00e9veloppent de plus en plus \u00e0 l\u2019international depuis quelques ann\u00e9es. Elles vont chercher de nouveaux march\u00e9s en Europe et ailleurs, notamment dans les pays \u00e0 forte croissance en Asie, Afrique ou Moyen-Orient\u00a0;<\/p>\n<p>Cette dynamique se traduit par plus de mobilit\u00e9 pour les collaborateurs depuis la France mais \u00e9ventuellement entre <a href=\"https:\/\/ambrelia.com\/2020\/04\/09\/bureau-de-liaison\/\">les bureaux de liaison et les filiales.<\/a> On constate alors de plus en plus de missions internationales pour gagner de nouveaux projets et suivre les clients.<\/p>\n<p>Ceci implique <strong>une bonne ma\u00eetrise de l&rsquo;environnement juridique<\/strong>, des questions de s\u00e9curit\u00e9, de sant\u00e9 et d\u2019assurances pour les salari\u00e9s expatri\u00e9s et les voyageurs d\u2019affaires \u00e0 l&rsquo;\u00e9tranger. Or cette expertise est complexe et demande des investigations qui n\u2019ont pas le m\u00eame rythme que celui des affaires ou des projets. Pour \u00e9viter de prendre des risques, il est pr\u00e9f\u00e9rable de s\u2019appuyer sur des experts pour obtenir une bonne information au bon moment (cf <a href=\"https:\/\/ambrelia.com\/services-assistance-securite-pour-les-voyageurs-et-les-expatries\/\">nos services<\/a> sur ce sujet) et une connaissance pr\u00e9cise de la r\u00e9glementation.<\/p>\n<p><strong>Nous allons aborder dans cet article l\u2019environnement juridique qui s\u2019applique aux entreprises.<\/strong><\/p>\n<p>Le cadre l\u00e9gislatif fran\u00e7ais est complexe et \u00e9volutif \u00e0 propos de la responsabilit\u00e9 de l\u2019employeur. Le cadre juridique est \u00e0 consid\u00e9rer selon 3 aspects\u00a0:<\/p>\n<h2>1. Le Droit du travail<\/h2>\n<p>L\u2019employeur est l\u2019acteur principal de la pr\u00e9vention en mati\u00e8re de sant\u00e9 et de s\u00e9curit\u00e9 au travail. Il est tenu \u00e0 une obligation de s\u00e9curit\u00e9 vis-\u00e0-vis de ses salari\u00e9s (article L 4121-1 du code du travail).<\/p>\n<p>L\u2019employeur est donc oblig\u00e9 de prendre diff\u00e9rentes mesures telles que des actions de pr\u00e9vention, d\u2019information et de formation avec des moyens adapt\u00e9s.<\/p>\n<p>La jurisprudence fran\u00e7aise pr\u00e9cise que l\u2019obligation de s\u00e9curit\u00e9 de l\u2019employeur est une <strong>obligation de r\u00e9sultat<\/strong> et non de moyens. Cependant, la cour de cassation a apport\u00e9 un \u00ab\u00a0assouplissement\u00a0\u00bb en 2015 en prenant en compte l\u2019existence d\u2019une politique de pr\u00e9vention des risques psychosociaux mises en place par l\u2019employeur. Ainsi, les actions de pr\u00e9vention et les moyens (imm\u00e9diats et \u00e0 long terme) mis en place lors d\u2019une crise sont consid\u00e9r\u00e9s. Lorsque l\u2019entreprise dispose d\u2019une v\u00e9ritable politique de pr\u00e9vention efficace et compl\u00e8te, elle r\u00e9duit son risque de condamnation en cas de dommage subit par un ou plusieurs salari\u00e9s.<\/p>\n<p>Cet assouplissement a \u00e9t\u00e9 confirm\u00e9 avec le harc\u00e8lement et les violences au travail. Pour ces sujets, on tient compte \u00e9galement de la pr\u00e9vention et de la r\u00e9action de l\u2019employeur face \u00e0 un cas.<\/p>\n<h2>2. La S\u00e9curit\u00e9 Sociale<\/h2>\n<p>L\u2019application du droit de la S\u00e9curit\u00e9 Sociale est soumise au principe de territorialit\u00e9\u00a0: le salari\u00e9 est assujetti au r\u00e9gime du pays ou le travail est effectu\u00e9, quels que soient la nationalit\u00e9 et le lieu de r\u00e9sidence de l\u2019employeur et du salari\u00e9.<\/p>\n<p>Pour rappel, les salari\u00e9s envoy\u00e9s en mission peuvent se trouver dans trois situations juridiques distinctes\u00a0: le voyage professionnel de courte dur\u00e9e, le d\u00e9tachement ou l\u2019expatriation.<\/p>\n<p>Pendant sa mission ou son d\u00e9tachement, le lien contractuel avec l\u2019employeur d\u2019origine est maintenu et le salari\u00e9 reste affili\u00e9 au Syst\u00e8me de la S\u00e9curit\u00e9 Sociale fran\u00e7ais. Depuis 2001, la Cour de Cassation consid\u00e8re que tout accident survenu au cours d\u2019une mission professionnelle en France ou \u00e0 l\u2019\u00e9tranger, est <strong>pr\u00e9sum\u00e9 \u00eatre un accident du travail<\/strong> (sauf si le salari\u00e9 interrompt sa mission pour un motif personnel ou si le dommage est caus\u00e9 par une cause totalement \u00e9trang\u00e8re au travail).<\/p>\n<p>Par ailleurs, au-del\u00e0 de la reconnaissance d\u2019un accident du travail, une faute inexcusable peut \u00e9galement \u00eatre caract\u00e9ris\u00e9e. Celle-ci est constat\u00e9e lorsque\u00a0:<\/p>\n<ul>\n<li>L\u2019employeur n\u2019avait pas pris les mesures n\u00e9cessaires pour prot\u00e9ger le salari\u00e9 (cf article L 452-1 du Code de la s\u00e9curit\u00e9 sociale)<\/li>\n<li>L\u2019employeur avait d\u00fb avoir conscience du danger auquel \u00e9tait expos\u00e9 le salari\u00e9<\/li>\n<\/ul>\n<p>Dans l\u2019hypoth\u00e8se de l\u2019expatriation, le salari\u00e9 n\u2019est plus affili\u00e9 au syst\u00e8me de la S\u00e9curit\u00e9 sociale fran\u00e7aise. Il b\u00e9n\u00e9ficie de la l\u00e9gislation locale. N\u00e9anmoins, la Cour de cassation peut condamner l\u2019employeur sur le fondement de la responsabilit\u00e9 contractuelle. Ce raisonnement traduit une volont\u00e9 d\u2019unifier les r\u00e9gimes de protection.<\/p>\n<h2>3. Le Droit P\u00e9nal<\/h2>\n<p>La responsabilit\u00e9 p\u00e9nale des dirigeants comme personnes physiques peut \u00eatre engag\u00e9e en cas de d\u00e9c\u00e8s ou de blessure au cours d\u2019une mission \u00e0 l\u2019\u00e9tranger.<\/p>\n<p>Une infraction d\u2019imprudence peut conduire \u00e0 la mise en jeu de la responsabilit\u00e9 p\u00e9nale si elle cr\u00e9e un dommage. La responsabilit\u00e9 p\u00e9nale de l\u2019employeur pourra alors \u00eatre engag\u00e9e m\u00eame si la personne poursuivie n\u2019a pas directement particip\u00e9 \u00e0 l\u2019incident. Il suffit qu\u2019elle ait contribu\u00e9 \u00e0 cr\u00e9er la situation ayant caus\u00e9 le dommage et que cette contribution \u00e0 la r\u00e9alisation du dommage r\u00e9sulte\u00a0:<\/p>\n<ul>\n<li>de la violation \u00ab\u00a0manifestement d\u00e9lib\u00e9r\u00e9e d\u2019une obligation particuli\u00e8re de prudence ou de s\u00e9curit\u00e9 pr\u00e9vue par la loi et le r\u00e8glement\u00a0\u00bb<\/li>\n<li>d\u2019une \u00ab\u00a0faute caract\u00e9ris\u00e9e et qui exposait autrui \u00e0 un risque d\u2019une particuli\u00e8re gravit\u00e9 qu\u2019elle ne pouvait ignorer\u00a0\u00bb<\/li>\n<\/ul>\n<p><strong>Les cons\u00e9quences financi\u00e8res peuvent \u00eatre tr\u00e8s lourdes<\/strong> (30\u00a0000 \u00e0 45\u00a0000\u20ac) et de l\u2019emprisonnement est pr\u00e9vu en cas d\u2019atteinte involontaire \u00e0 l\u2019int\u00e9grit\u00e9 du salari\u00e9 et en cas de violation manifestement d\u00e9lib\u00e9r\u00e9e d\u2019une obligation particuli\u00e8re de prudence ou de s\u00e9curit\u00e9 impos\u00e9e par la loi.<\/p>\n<p>Enfin, m\u00eame si les dirigeants n\u2019ont pas viol\u00e9 une disposition sp\u00e9cifique, d\u00e8s lors que le manquement \u00e0 l\u2019obligation g\u00e9n\u00e9rale de s\u00e9curit\u00e9 est constat\u00e9, cette violation pourra \u00eatre consid\u00e9r\u00e9e comme volontaire.<\/p>\n<p>L\u2019entreprise en tant que personne morale peut \u00eatre condamn\u00e9e aussi. L\u2019entreprise peut \u00eatre consid\u00e9r\u00e9e comme p\u00e9nalement responsable des infractions commises pour son compte. Dans ce cas, la peine principale correspond au quintuple de l\u2019amende pr\u00e9vue pour les personnes physiques.<\/p>\n<p>Responsabilit\u00e9 du Salari\u00e9<\/p>\n<p>Le salari\u00e9 a des droits mais il a \u00e9galement des devoirs. Il doit ainsi se conformer aux directives de son employeur lorsqu\u2019elles ont pour but de le prot\u00e9ger d\u2019un risque \u00e9lev\u00e9. Les directives peuvent s\u2019appliquer sur son temps personnel d\u00e8s lors que la mesure est appropri\u00e9e et proportionn\u00e9e aux risques encourus.<\/p>\n<p>Exemples\u00a0: D\u00e9placements limit\u00e9s dans un p\u00e9rim\u00e8tre pr\u00e9cis, obligation de subir une vaccination prescrite par le m\u00e9decin du travail.<\/p>\n<p>Compte tenu des enjeux, une bonne information et une connaissance pr\u00e9cise de l&rsquo;environnement juridique de la mobilit\u00e9 internationale sont primordiales pour les entreprises. Si la pr\u00e9vention des risques professionnels est une obligation de l\u2019employeur vis-\u00e0-vis de ses salari\u00e9s, celle-ci constitue aussi un atout de performance \u00e9conomique et sociale pour l\u2019entreprise. Il existe un lien entre le niveau de pr\u00e9vention et le niveau de performance de l\u2019entreprise.<\/p>\n<p>Vous trouverez des informations compl\u00e9mentaires sur les sites suivants\u00a0:<\/p>\n<p><a href=\"http:\/\/www.internationalsosfoundation.org\/\">http:\/\/www.internationalsosfoundation.org\/<\/a><\/p>\n<p><a href=\"http:\/\/www.eurogip.fr\">www.eurogip.fr<\/a><\/p>\n<p><a href=\"http:\/\/www.risquesprofessionnels.ameli.fr\">www.risquesprofessionnels.ameli.fr<\/a><\/p>\n<p><a href=\"https:\/\/ambrelia.com\/entreprises%0d\">www.ambrelia.com\/entreprises<\/a><\/p>\n","protected":false},"excerpt":{"rendered":"<p>Sant\u00e9 et S\u00e9curit\u00e9 des collaborateurs en mobilit\u00e9 \u00e0 l\u2019international &#8211;\u00a0L\u2019environnement Juridique Les entreprises fran\u00e7aises se d\u00e9veloppent de plus en plus \u00e0 l\u2019international depuis quelques ann\u00e9es. Elles vont chercher de nouveaux march\u00e9s en Europe et ailleurs, notamment dans les pays \u00e0 forte croissance en Asie, Afrique ou Moyen-Orient\u00a0; Cette dynamique se traduit par plus de mobilit\u00e9 [&hellip;]<\/p>\n","protected":false},"author":18,"featured_media":15142,"comment_status":"closed","ping_status":"closed","sticky":false,"template":"","format":"standard","meta":{"_et_pb_use_builder":"","_et_pb_old_content":"","_et_gb_content_width":"","footnotes":""},"categories":[47],"tags":[],"dipi_cpt_category":[],"class_list":["post-7682","post","type-post","status-publish","format-standard","has-post-thumbnail","hentry","category-autres"],"yoast_head":"<!-- This site is optimized with the Yoast SEO plugin v27.4 - https:\/\/yoast.com\/product\/yoast-seo-wordpress\/ -->\n<title>environnement juridique de la mobilit\u00e9 internationale<\/title>\n<meta name=\"description\" content=\"Pr\u00e9sentation de l\u2019environnement juridique qui s\u2019applique \u00e0 la Sant\u00e9 et la S\u00e9curit\u00e9 des salari\u00e9s en mobilit\u00e9 internationale, expatri\u00e9s ou en mission.\" \/>\n<meta name=\"robots\" content=\"index, follow, max-snippet:-1, max-image-preview:large, max-video-preview:-1\" \/>\n<link rel=\"canonical\" href=\"https:\/\/ambrelia.com\/fr\/2017\/02\/l-environnement-juridique-de-la-mobilite-internationale\/\" \/>\n<meta property=\"og:locale\" content=\"fr_FR\" \/>\n<meta property=\"og:type\" content=\"article\" \/>\n<meta property=\"og:title\" content=\"environnement juridique de la mobilit\u00e9 internationale\" \/>\n<meta property=\"og:description\" content=\"Pr\u00e9sentation de l\u2019environnement juridique qui s\u2019applique \u00e0 la Sant\u00e9 et la S\u00e9curit\u00e9 des salari\u00e9s en mobilit\u00e9 internationale, expatri\u00e9s ou en mission.\" \/>\n<meta property=\"og:url\" content=\"https:\/\/ambrelia.com\/fr\/2017\/02\/l-environnement-juridique-de-la-mobilite-internationale\/\" \/>\n<meta property=\"og:site_name\" content=\"Ambrelia\" \/>\n<meta property=\"article:published_time\" content=\"2017-02-24T09:20:12+00:00\" \/>\n<meta property=\"og:image\" content=\"https:\/\/ambrelia.com\/wp-content\/uploads\/2017\/04\/environnement-juridique-mobilite-internationale-345x201-1.jpg\" \/>\n\t<meta property=\"og:image:width\" content=\"345\" \/>\n\t<meta property=\"og:image:height\" content=\"201\" \/>\n\t<meta property=\"og:image:type\" content=\"image\/jpeg\" \/>\n<meta name=\"author\" content=\"fabien.bertrand@neocamino.com\" \/>\n<meta name=\"twitter:card\" content=\"summary_large_image\" \/>\n<meta name=\"twitter:label1\" content=\"\u00c9crit par\" \/>\n\t<meta name=\"twitter:data1\" content=\"fabien.bertrand@neocamino.com\" \/>\n\t<meta name=\"twitter:label2\" content=\"Dur\u00e9e de lecture estim\u00e9e\" \/>\n\t<meta name=\"twitter:data2\" content=\"6 minutes\" \/>\n<script type=\"application\/ld+json\" class=\"yoast-schema-graph\">{\"@context\":\"https:\\\/\\\/schema.org\",\"@graph\":[{\"@type\":\"Article\",\"@id\":\"https:\\\/\\\/ambrelia.com\\\/fr\\\/2017\\\/02\\\/l-environnement-juridique-de-la-mobilite-internationale\\\/#article\",\"isPartOf\":{\"@id\":\"https:\\\/\\\/ambrelia.com\\\/fr\\\/2017\\\/02\\\/l-environnement-juridique-de-la-mobilite-internationale\\\/\"},\"author\":{\"name\":\"fabien.bertrand@neocamino.com\",\"@id\":\"https:\\\/\\\/ambrelia.com\\\/fr\\\/#\\\/schema\\\/person\\\/ad558722d25b606231c04faa0526e5ee\"},\"headline\":\"L\u2019environnement Juridique de la Mobilit\u00e9 Internationale\",\"datePublished\":\"2017-02-24T09:20:12+00:00\",\"mainEntityOfPage\":{\"@id\":\"https:\\\/\\\/ambrelia.com\\\/fr\\\/2017\\\/02\\\/l-environnement-juridique-de-la-mobilite-internationale\\\/\"},\"wordCount\":1233,\"image\":{\"@id\":\"https:\\\/\\\/ambrelia.com\\\/fr\\\/2017\\\/02\\\/l-environnement-juridique-de-la-mobilite-internationale\\\/#primaryimage\"},\"thumbnailUrl\":\"https:\\\/\\\/ambrelia.com\\\/wp-content\\\/uploads\\\/2017\\\/04\\\/environnement-juridique-mobilite-internationale-345x201-1.jpg\",\"articleSection\":[\"Autres\"],\"inLanguage\":\"fr-FR\"},{\"@type\":\"WebPage\",\"@id\":\"https:\\\/\\\/ambrelia.com\\\/fr\\\/2017\\\/02\\\/l-environnement-juridique-de-la-mobilite-internationale\\\/\",\"url\":\"https:\\\/\\\/ambrelia.com\\\/fr\\\/2017\\\/02\\\/l-environnement-juridique-de-la-mobilite-internationale\\\/\",\"name\":\"environnement juridique de la mobilit\u00e9 internationale\",\"isPartOf\":{\"@id\":\"https:\\\/\\\/ambrelia.com\\\/fr\\\/#website\"},\"primaryImageOfPage\":{\"@id\":\"https:\\\/\\\/ambrelia.com\\\/fr\\\/2017\\\/02\\\/l-environnement-juridique-de-la-mobilite-internationale\\\/#primaryimage\"},\"image\":{\"@id\":\"https:\\\/\\\/ambrelia.com\\\/fr\\\/2017\\\/02\\\/l-environnement-juridique-de-la-mobilite-internationale\\\/#primaryimage\"},\"thumbnailUrl\":\"https:\\\/\\\/ambrelia.com\\\/wp-content\\\/uploads\\\/2017\\\/04\\\/environnement-juridique-mobilite-internationale-345x201-1.jpg\",\"datePublished\":\"2017-02-24T09:20:12+00:00\",\"author\":{\"@id\":\"https:\\\/\\\/ambrelia.com\\\/fr\\\/#\\\/schema\\\/person\\\/ad558722d25b606231c04faa0526e5ee\"},\"description\":\"Pr\u00e9sentation de l\u2019environnement juridique qui s\u2019applique \u00e0 la Sant\u00e9 et la S\u00e9curit\u00e9 des salari\u00e9s en mobilit\u00e9 internationale, expatri\u00e9s ou en mission.\",\"breadcrumb\":{\"@id\":\"https:\\\/\\\/ambrelia.com\\\/fr\\\/2017\\\/02\\\/l-environnement-juridique-de-la-mobilite-internationale\\\/#breadcrumb\"},\"inLanguage\":\"fr-FR\",\"potentialAction\":[{\"@type\":\"ReadAction\",\"target\":[\"https:\\\/\\\/ambrelia.com\\\/fr\\\/2017\\\/02\\\/l-environnement-juridique-de-la-mobilite-internationale\\\/\"]}]},{\"@type\":\"ImageObject\",\"inLanguage\":\"fr-FR\",\"@id\":\"https:\\\/\\\/ambrelia.com\\\/fr\\\/2017\\\/02\\\/l-environnement-juridique-de-la-mobilite-internationale\\\/#primaryimage\",\"url\":\"https:\\\/\\\/ambrelia.com\\\/wp-content\\\/uploads\\\/2017\\\/04\\\/environnement-juridique-mobilite-internationale-345x201-1.jpg\",\"contentUrl\":\"https:\\\/\\\/ambrelia.com\\\/wp-content\\\/uploads\\\/2017\\\/04\\\/environnement-juridique-mobilite-internationale-345x201-1.jpg\",\"width\":345,\"height\":201,\"caption\":\"environnement juridique de la mobilit\u00e9 internationale\"},{\"@type\":\"BreadcrumbList\",\"@id\":\"https:\\\/\\\/ambrelia.com\\\/fr\\\/2017\\\/02\\\/l-environnement-juridique-de-la-mobilite-internationale\\\/#breadcrumb\",\"itemListElement\":[{\"@type\":\"ListItem\",\"position\":1,\"name\":\"Accueil\",\"item\":\"https:\\\/\\\/ambrelia.com\\\/fr\\\/\"},{\"@type\":\"ListItem\",\"position\":2,\"name\":\"L\u2019environnement Juridique de la Mobilit\u00e9 Internationale\"}]},{\"@type\":\"WebSite\",\"@id\":\"https:\\\/\\\/ambrelia.com\\\/fr\\\/#website\",\"url\":\"https:\\\/\\\/ambrelia.com\\\/fr\\\/\",\"name\":\"Ambrelia\",\"description\":\"\",\"potentialAction\":[{\"@type\":\"SearchAction\",\"target\":{\"@type\":\"EntryPoint\",\"urlTemplate\":\"https:\\\/\\\/ambrelia.com\\\/fr\\\/?s={search_term_string}\"},\"query-input\":{\"@type\":\"PropertyValueSpecification\",\"valueRequired\":true,\"valueName\":\"search_term_string\"}}],\"inLanguage\":\"fr-FR\"},{\"@type\":\"Person\",\"@id\":\"https:\\\/\\\/ambrelia.com\\\/fr\\\/#\\\/schema\\\/person\\\/ad558722d25b606231c04faa0526e5ee\",\"name\":\"fabien.bertrand@neocamino.com\",\"image\":{\"@type\":\"ImageObject\",\"inLanguage\":\"fr-FR\",\"@id\":\"https:\\\/\\\/secure.gravatar.com\\\/avatar\\\/3023a84949e647d3d6deae2f3b6c60f1af24fab4b3c6417a9455a1557e65d196?s=96&d=mm&r=g\",\"url\":\"https:\\\/\\\/secure.gravatar.com\\\/avatar\\\/3023a84949e647d3d6deae2f3b6c60f1af24fab4b3c6417a9455a1557e65d196?s=96&d=mm&r=g\",\"contentUrl\":\"https:\\\/\\\/secure.gravatar.com\\\/avatar\\\/3023a84949e647d3d6deae2f3b6c60f1af24fab4b3c6417a9455a1557e65d196?s=96&d=mm&r=g\",\"caption\":\"fabien.bertrand@neocamino.com\"}}]}<\/script>\n<!-- \/ Yoast SEO plugin. -->","yoast_head_json":{"title":"environnement juridique de la mobilit\u00e9 internationale","description":"Pr\u00e9sentation de l\u2019environnement juridique qui s\u2019applique \u00e0 la Sant\u00e9 et la S\u00e9curit\u00e9 des salari\u00e9s en mobilit\u00e9 internationale, expatri\u00e9s ou en mission.","robots":{"index":"index","follow":"follow","max-snippet":"max-snippet:-1","max-image-preview":"max-image-preview:large","max-video-preview":"max-video-preview:-1"},"canonical":"https:\/\/ambrelia.com\/fr\/2017\/02\/l-environnement-juridique-de-la-mobilite-internationale\/","og_locale":"fr_FR","og_type":"article","og_title":"environnement juridique de la mobilit\u00e9 internationale","og_description":"Pr\u00e9sentation de l\u2019environnement juridique qui s\u2019applique \u00e0 la Sant\u00e9 et la S\u00e9curit\u00e9 des salari\u00e9s en mobilit\u00e9 internationale, expatri\u00e9s ou en mission.","og_url":"https:\/\/ambrelia.com\/fr\/2017\/02\/l-environnement-juridique-de-la-mobilite-internationale\/","og_site_name":"Ambrelia","article_published_time":"2017-02-24T09:20:12+00:00","og_image":[{"width":345,"height":201,"url":"https:\/\/ambrelia.com\/wp-content\/uploads\/2017\/04\/environnement-juridique-mobilite-internationale-345x201-1.jpg","type":"image\/jpeg"}],"author":"fabien.bertrand@neocamino.com","twitter_card":"summary_large_image","twitter_misc":{"\u00c9crit par":"fabien.bertrand@neocamino.com","Dur\u00e9e de lecture estim\u00e9e":"6 minutes"},"schema":{"@context":"https:\/\/schema.org","@graph":[{"@type":"Article","@id":"https:\/\/ambrelia.com\/fr\/2017\/02\/l-environnement-juridique-de-la-mobilite-internationale\/#article","isPartOf":{"@id":"https:\/\/ambrelia.com\/fr\/2017\/02\/l-environnement-juridique-de-la-mobilite-internationale\/"},"author":{"name":"fabien.bertrand@neocamino.com","@id":"https:\/\/ambrelia.com\/fr\/#\/schema\/person\/ad558722d25b606231c04faa0526e5ee"},"headline":"L\u2019environnement Juridique de la Mobilit\u00e9 Internationale","datePublished":"2017-02-24T09:20:12+00:00","mainEntityOfPage":{"@id":"https:\/\/ambrelia.com\/fr\/2017\/02\/l-environnement-juridique-de-la-mobilite-internationale\/"},"wordCount":1233,"image":{"@id":"https:\/\/ambrelia.com\/fr\/2017\/02\/l-environnement-juridique-de-la-mobilite-internationale\/#primaryimage"},"thumbnailUrl":"https:\/\/ambrelia.com\/wp-content\/uploads\/2017\/04\/environnement-juridique-mobilite-internationale-345x201-1.jpg","articleSection":["Autres"],"inLanguage":"fr-FR"},{"@type":"WebPage","@id":"https:\/\/ambrelia.com\/fr\/2017\/02\/l-environnement-juridique-de-la-mobilite-internationale\/","url":"https:\/\/ambrelia.com\/fr\/2017\/02\/l-environnement-juridique-de-la-mobilite-internationale\/","name":"environnement juridique de la mobilit\u00e9 internationale","isPartOf":{"@id":"https:\/\/ambrelia.com\/fr\/#website"},"primaryImageOfPage":{"@id":"https:\/\/ambrelia.com\/fr\/2017\/02\/l-environnement-juridique-de-la-mobilite-internationale\/#primaryimage"},"image":{"@id":"https:\/\/ambrelia.com\/fr\/2017\/02\/l-environnement-juridique-de-la-mobilite-internationale\/#primaryimage"},"thumbnailUrl":"https:\/\/ambrelia.com\/wp-content\/uploads\/2017\/04\/environnement-juridique-mobilite-internationale-345x201-1.jpg","datePublished":"2017-02-24T09:20:12+00:00","author":{"@id":"https:\/\/ambrelia.com\/fr\/#\/schema\/person\/ad558722d25b606231c04faa0526e5ee"},"description":"Pr\u00e9sentation de l\u2019environnement juridique qui s\u2019applique \u00e0 la Sant\u00e9 et la S\u00e9curit\u00e9 des salari\u00e9s en mobilit\u00e9 internationale, expatri\u00e9s ou en mission.","breadcrumb":{"@id":"https:\/\/ambrelia.com\/fr\/2017\/02\/l-environnement-juridique-de-la-mobilite-internationale\/#breadcrumb"},"inLanguage":"fr-FR","potentialAction":[{"@type":"ReadAction","target":["https:\/\/ambrelia.com\/fr\/2017\/02\/l-environnement-juridique-de-la-mobilite-internationale\/"]}]},{"@type":"ImageObject","inLanguage":"fr-FR","@id":"https:\/\/ambrelia.com\/fr\/2017\/02\/l-environnement-juridique-de-la-mobilite-internationale\/#primaryimage","url":"https:\/\/ambrelia.com\/wp-content\/uploads\/2017\/04\/environnement-juridique-mobilite-internationale-345x201-1.jpg","contentUrl":"https:\/\/ambrelia.com\/wp-content\/uploads\/2017\/04\/environnement-juridique-mobilite-internationale-345x201-1.jpg","width":345,"height":201,"caption":"environnement juridique de la mobilit\u00e9 internationale"},{"@type":"BreadcrumbList","@id":"https:\/\/ambrelia.com\/fr\/2017\/02\/l-environnement-juridique-de-la-mobilite-internationale\/#breadcrumb","itemListElement":[{"@type":"ListItem","position":1,"name":"Accueil","item":"https:\/\/ambrelia.com\/fr\/"},{"@type":"ListItem","position":2,"name":"L\u2019environnement Juridique de la Mobilit\u00e9 Internationale"}]},{"@type":"WebSite","@id":"https:\/\/ambrelia.com\/fr\/#website","url":"https:\/\/ambrelia.com\/fr\/","name":"Ambrelia","description":"","potentialAction":[{"@type":"SearchAction","target":{"@type":"EntryPoint","urlTemplate":"https:\/\/ambrelia.com\/fr\/?s={search_term_string}"},"query-input":{"@type":"PropertyValueSpecification","valueRequired":true,"valueName":"search_term_string"}}],"inLanguage":"fr-FR"},{"@type":"Person","@id":"https:\/\/ambrelia.com\/fr\/#\/schema\/person\/ad558722d25b606231c04faa0526e5ee","name":"fabien.bertrand@neocamino.com","image":{"@type":"ImageObject","inLanguage":"fr-FR","@id":"https:\/\/secure.gravatar.com\/avatar\/3023a84949e647d3d6deae2f3b6c60f1af24fab4b3c6417a9455a1557e65d196?s=96&d=mm&r=g","url":"https:\/\/secure.gravatar.com\/avatar\/3023a84949e647d3d6deae2f3b6c60f1af24fab4b3c6417a9455a1557e65d196?s=96&d=mm&r=g","contentUrl":"https:\/\/secure.gravatar.com\/avatar\/3023a84949e647d3d6deae2f3b6c60f1af24fab4b3c6417a9455a1557e65d196?s=96&d=mm&r=g","caption":"fabien.bertrand@neocamino.com"}}]}},"_links":{"self":[{"href":"https:\/\/ambrelia.com\/fr\/wp-json\/wp\/v2\/posts\/7682","targetHints":{"allow":["GET"]}}],"collection":[{"href":"https:\/\/ambrelia.com\/fr\/wp-json\/wp\/v2\/posts"}],"about":[{"href":"https:\/\/ambrelia.com\/fr\/wp-json\/wp\/v2\/types\/post"}],"author":[{"embeddable":true,"href":"https:\/\/ambrelia.com\/fr\/wp-json\/wp\/v2\/users\/18"}],"replies":[{"embeddable":true,"href":"https:\/\/ambrelia.com\/fr\/wp-json\/wp\/v2\/comments?post=7682"}],"version-history":[{"count":0,"href":"https:\/\/ambrelia.com\/fr\/wp-json\/wp\/v2\/posts\/7682\/revisions"}],"wp:featuredmedia":[{"embeddable":true,"href":"https:\/\/ambrelia.com\/fr\/wp-json\/wp\/v2\/media\/15142"}],"wp:attachment":[{"href":"https:\/\/ambrelia.com\/fr\/wp-json\/wp\/v2\/media?parent=7682"}],"wp:term":[{"taxonomy":"category","embeddable":true,"href":"https:\/\/ambrelia.com\/fr\/wp-json\/wp\/v2\/categories?post=7682"},{"taxonomy":"post_tag","embeddable":true,"href":"https:\/\/ambrelia.com\/fr\/wp-json\/wp\/v2\/tags?post=7682"},{"taxonomy":"dipi_cpt_category","embeddable":true,"href":"https:\/\/ambrelia.com\/fr\/wp-json\/wp\/v2\/dipi_cpt_category?post=7682"}],"curies":[{"name":"wp","href":"https:\/\/api.w.org\/{rel}","templated":true}]}}